{"id":2586,"date":"2016-11-03T03:50:01","date_gmt":"2016-11-03T07:50:01","guid":{"rendered":"https:\/\/www.kaspersky.com.tr\/blog\/?p=2586"},"modified":"2017-09-21T15:06:16","modified_gmt":"2017-09-21T12:06:16","slug":"facebook-security-settings","status":"publish","type":"post","link":"https:\/\/www.kaspersky.com.tr\/blog\/facebook-security-settings\/2586\/","title":{"rendered":"Facebook g\u00fcvenli\u011fi hakk\u0131nda bilmeniz gereken her \u015fey"},"content":{"rendered":"<p>Facebook hesab\u0131n\u0131z muhtemelen pek yeni de\u011fildir. Hatta belki oturup g\u00fcvenlik ayarlar\u0131n\u0131 iyice incelemi\u015f ve iyi \u015fekilde ayarlam\u0131\u015fs\u0131n\u0131zd\u0131r. Peki o zamandan beri ayarlara tekrar g\u00f6z att\u0131n\u0131z m\u0131? Bu yaz\u0131m\u0131z i\u015finize yarayacak.<br>\n<img loading=\"lazy\" decoding=\"async\" src=\"https:\/\/media.kasperskydaily.com\/wp-content\/uploads\/sites\/91\/2016\/11\/06013739\/facebook-security-settings-featured.jpg\" alt=\"facebook-security-settings-featured\" width=\"1280\" height=\"840\" class=\"alignnone size-full wp-image-2587\"><\/p>\n<p>Facebook g\u00fcvenlik ve gizlilik ayarlar\u0131n\u0131 <a href=\"http:\/\/gadgetwise.blogs.nytimes.com\/2010\/08\/13\/how-to-hide-from-friends-you-dont-like\/?_r=0\" target=\"_blank\" rel=\"noopener nofollow\">d\u00fczenli olarak<\/a> de\u011fi\u015ftiriyor (Kimilerine g\u00f6re <a href=\"https:\/\/www.washingtonpost.com\/news\/the-switch\/wp\/2014\/04\/08\/your-facebook-privacy-settings-are-about-to-change-again\/\" target=\"_blank\" rel=\"noopener nofollow\">\u00e7ok s\u0131k<\/a>). Bu sebeple belli aral\u0131klarla ayarlar\u0131 kontrol etmek yarar\u0131n\u0131za olur. Bu g\u00f6nderimizde Facebook g\u00fcvenlik ayarlar\u0131n\u0131 detayl\u0131ca anlataca\u011f\u0131z. <\/p>\n<p><strong>G\u00fcvenlik ayarlar\u0131<\/strong><br>\nG\u00fcvenlik ayarlar\u0131 sekmesini a\u00e7abilmenin iki yolu var. En h\u0131zl\u0131 yol bildirimlerinizi g\u00f6rmek i\u00e7in t\u0131klad\u0131\u011f\u0131n\u0131z d\u00fcnya ikonu. Bu ikonu a\u00e7t\u0131ktan sonra sa\u011f \u00fcstte bulunan ayarlar b\u00f6lmesi. Ya da daha yayg\u0131n olarak bilinen, sa\u011f \u00fcst k\u00f6\u015fede bulunan a\u015fa\u011f\u0131 do\u011fru oka bas\u0131n, a\u015fa\u011f\u0131dan ayarlara bas\u0131n.<\/p>\n<p>Ayarlara girdi\u011finizde soldan g\u00fcvenlik k\u0131sm\u0131na t\u0131klay\u0131n. Burada hesab\u0131n\u0131z\u0131n g\u00fcvenli\u011fi hakk\u0131nda ayarlar\u0131 g\u00f6rebilirsiniz. Ayarlar\u0131 detayl\u0131 okumak i\u00e7in yanlar\u0131nda bulunan d\u00fczenleye bas\u0131n\u0131z. <\/p>\n<p><img loading=\"lazy\" decoding=\"async\" src=\"https:\/\/media.kasperskydaily.com\/wp-content\/uploads\/sites\/91\/2016\/11\/06013737\/security-settings-EN.jpg\" alt=\"security-settings-en\" width=\"1950\" height=\"870\" class=\"alignnone size-full wp-image-2588\"><\/p>\n<p><strong>T\u00fcm bu ayarlar ne anlama geliyor?<\/strong><br>\nHepsini a\u00e7\u0131klayaca\u011f\u0131z \u2013 hepsi \u00f6nemli \u015feyler. <\/p>\n<p><strong>Giri\u015f Uyar\u0131lar\u0131.<\/strong> Facebook, hesab\u0131n\u0131za girmek i\u00e7in kulland\u0131\u011f\u0131n\u0131z bilgisayarlar\u0131, taray\u0131c\u0131lar\u0131 ve ara\u00e7lar\u0131 kaydediyor.  Bu se\u00e7ene\u011fi aktif ederek, hesab\u0131n\u0131za giri\u015f yap\u0131lmas\u0131 durumunda bildirim alabilirsiniz. Dolay\u0131s\u0131yla biri hesab\u0131n\u0131za giri\u015f yapt\u0131\u011f\u0131nda haberiniz olacak. E\u011fer sizin haberiniz d\u0131\u015f\u0131nda hesab\u0131n\u0131za giri\u015f yap\u0131l\u0131rsa, parolan\u0131z\u0131 de\u011fi\u015ftirin. K\u0131saca, bu \u00f6zelli\u011fi aktif etmenizi \u00f6neriyoruz. <\/p>\n<p><img loading=\"lazy\" decoding=\"async\" src=\"https:\/\/media.kasperskydaily.com\/wp-content\/uploads\/sites\/91\/2016\/11\/06013736\/login-alerts-EN.jpg\" alt=\"login-alerts-en\" width=\"1280\" height=\"570\" class=\"alignnone size-full wp-image-2589\"><\/p>\n<p><strong>Giri\u015f Onaylar\u0131.<\/strong> Facebook\u2019un <a href=\"https:\/\/www.kaspersky.com\/blog\/what_is_two_factor_authentication\/5036\/\" target=\"_blank\" rel=\"noopener nofollow\">iki a\u015famal\u0131 onay\u0131<\/a>. Bu \u00f6zelli\u011fi aktif ettikten sonra, bir cihazdan hesab\u0131n\u0131za yapaca\u011f\u0131n\u0131z ilk giri\u015fte SMS ile bir PIN alacaks\u0131n\u0131z, hesaba giri\u015f yapabilmeniz i\u00e7in bu PIN\u2019i girmeniz \u015fart. Bu ufak g\u00fcvenlik ayar\u0131 ile akl\u0131n\u0131z rahat eder. Kesinlikle bu \u00f6zelli\u011fi kullanman\u0131z\u0131 \u00f6neriyoruz. <\/p>\n<p><img loading=\"lazy\" decoding=\"async\" src=\"https:\/\/media.kasperskydaily.com\/wp-content\/uploads\/sites\/91\/2016\/11\/06013734\/login-approval-EN.jpg\" alt=\"login-approval-en\" width=\"1280\" height=\"330\" class=\"alignnone size-full wp-image-2590\"><\/p>\n<p>Ayr\u0131ca burada 10 tane tek kullan\u0131ml\u0131k \u201cacil durum\u201d kodu var. SMS alamayaca\u011f\u0131n\u0131z durumlarda hayat kurtaracakt\u0131r. Mesela, diyelim ki telefonunuzu kaybettiniz ve Facebook parolan\u0131z\u0131 de\u011fi\u015ftirmek istiyorsunuz \u2013 ancak telefonunuz yan\u0131n\u0131zda olmad\u0131\u011f\u0131 i\u00e7in SMS alamayacaks\u0131n\u0131z. B\u00f6yle bir durumda bu kodlara te\u015fekk\u00fcr edeceksiniz.<\/p>\n<p><strong>Kodmatik.<\/strong> Bu uygulama ile SMS yerine Facebook uygulamas\u0131ndan kod alabilirsiniz, ya da ba\u015fka bir uygulama se\u00e7ebilirsiniz. E\u011fer ba\u015fka bir kod olu\u015fturucu daha kullan\u0131yorsan\u0131z (Mesela <a href=\"https:\/\/support.google.com\/accounts\/answer\/1066447?hl=tr\" target=\"_blank\" rel=\"noopener nofollow\">Google Authenticator<\/a>), bunu hesab\u0131n\u0131zla ba\u011flayabilirsiniz. <\/p>\n<p><img loading=\"lazy\" decoding=\"async\" src=\"https:\/\/media.kasperskydaily.com\/wp-content\/uploads\/sites\/91\/2016\/11\/06013733\/code-generator-EN.jpg\" alt=\"code-generator-en\" width=\"1280\" height=\"240\" class=\"alignnone size-full wp-image-2591\"><\/p>\n<p>Kullan\u0131n ya da kullanmay\u0131n \u2013 size kalm\u0131\u015f. Ama en az\u0131ndan denemenizi \u00f6neririz. <\/p>\n<p><strong>Uygulama \u015eifreleri.<\/strong> E\u011fer Facebook hesab\u0131n\u0131z ile \u00fc\u00e7\u00fcnc\u00fc parti uygulamas\u0131 kullan\u0131yorsan\u0131z, bu \u00f6zelli\u011fe ihtiyac\u0131n\u0131z olabilir. E\u011fer hesab\u0131n\u0131zda iki a\u015famal\u0131 onay kullan\u0131yorsan\u0131z, bu iki uygulama \u00e7ak\u0131\u015fabilir. Bu konuyla ilgileniyorsan\u0131z, daha fazlas\u0131 i\u00e7in buraya <a href=\"https:\/\/www.facebook.com\/help\/249378535085386\" target=\"_blank\" rel=\"noopener nofollow\">t\u0131klay\u0131n<\/a>. <\/p>\n<p><img loading=\"lazy\" decoding=\"async\" src=\"https:\/\/media.kasperskydaily.com\/wp-content\/uploads\/sites\/91\/2016\/11\/06013729\/app-passwords-EN.jpg\" alt=\"app-passwords-en\" width=\"1280\" height=\"170\" class=\"alignnone size-full wp-image-2592\"><\/p>\n<p><strong>Ortak Anahtar.<\/strong> Bu sekmede kendi Irtak OpenPGP anahtar\u0131n\u0131z\u0131 payla\u015fabilirsiniz. E\u011fer payla\u015f\u0131rsan\u0131z, bu anahtar profil bilgilerinizde g\u00f6z\u00fckecek. Daha sonra bu anahtar arac\u0131l\u0131\u011f\u0131yla arkada\u015flar\u0131n\u0131z size \u015fifrelenmi\u015f mesajlar g\u00f6nderebilir \u2013 e\u011fer mesajlar\u0131n\u0131z yanl\u0131\u015f ellere ge\u00e7erse, okunamayacaklard\u0131r. <\/p>\n<p>Sistem \u015f\u00f6yle \u00e7al\u0131\u015f\u0131yor. \u0130ki tane anahtar al\u0131yorsunuz \u2013 biri herkese a\u00e7\u0131k di\u011feri \u00f6zel. E\u015finiz, dostunuz, arkada\u015flar\u0131n\u0131z size g\u00f6nderdi\u011fi mesaj\u0131 \u015fifrelemek i\u00e7in herkese a\u00e7\u0131k anahtar\u0131 kullan\u0131yor. Siz bu \u015fekilde \u015fifrelenmi\u015f bir mesaj ald\u0131\u011f\u0131n\u0131zda, sizde bulunan kod ile \u015fifreyi \u00e7\u00f6z\u00fcyorsunuz. Bir anahtar ile \u015fifreleyip ba\u015fka anahtar ile a\u00e7ma i\u015fleme asimetrik \u015fifreleme denir. <\/p>\n<p>Pratikte, bu \u00e7ok kullan\u0131\u015fl\u0131 bir y\u00f6ntem de\u011fil ancak i\u015fe yar\u0131yor. Birisi mailinizi hacklese bile anahtar\u0131 olmad\u0131ktan sonra yaz\u0131\u015fmalar\u0131n\u0131z\u0131 okuyamayacak.<br>\nBuradan ayr\u0131ca Facebook\u2019un size g\u00f6nderdi\u011fi mailleri \u015fifreleme ayar\u0131n\u0131 aktif edebilirsiniz. <\/p>\n<p><strong>G\u00fcvenilir Ki\u015filerin.<\/strong> Buradan hesab\u0131n\u0131z\u0131 kaybetmeniz durumunda yard\u0131m isteyebilece\u011finiz kullan\u0131c\u0131lar\u0131 se\u00e7ebilirsiniz. B\u00f6yle bir durumdayken onlar\u0131 aray\u0131p size tek kullan\u0131ml\u0131k parolan\u0131z\u0131 s\u00f6ylemenizi isteyebilirsiniz. Hesab\u0131n\u0131za giri\u015f yapt\u0131\u011f\u0131n\u0131zda, hesab\u0131n\u0131z\u0131 kurtarm\u0131\u015f olacaks\u0131n\u0131z. Detayl\u0131 anlat\u0131m i\u00e7in g\u00f6z atabilirsiniz. <\/p>\n<p><img loading=\"lazy\" decoding=\"async\" src=\"https:\/\/media.kasperskydaily.com\/wp-content\/uploads\/sites\/91\/2016\/11\/06013726\/trusted-contacts-EN.jpg\" alt=\"trusted-contacts-en\" width=\"1280\" height=\"240\" class=\"alignnone size-full wp-image-2594\"><\/p>\n<p>Bu arada akl\u0131n\u0131zda bulunsun: Hesab\u0131n\u0131z\u0131n g\u00fcvenli\u011fi g\u00fcvenli\u011finiz ki\u015filere ba\u011fl\u0131d\u0131r, dolay\u0131s\u0131yla g\u00fcvenilir ki\u015fileri se\u00e7in. <\/p>\n<p><strong>Tan\u0131nan Cihazlar.<\/strong> Facebook\u2019a ba\u011flanmak i\u00e7in kulland\u0131\u011f\u0131n\u0131z taray\u0131c\u0131lar ve uygulamalar. Listedekilerden birinden Facebook\u2019a girdi\u011finiz zaman, Facebook hesab\u0131n\u0131za birinin girdi\u011fini bildirmeyecektir. <\/p>\n<p><img loading=\"lazy\" decoding=\"async\" src=\"https:\/\/media.kasperskydaily.com\/wp-content\/uploads\/sites\/91\/2016\/11\/06013724\/recognized-devices-EN.jpg\" alt=\"recognized-devices-en\" width=\"1280\" height=\"900\" class=\"alignnone size-full wp-image-2595\"><\/p>\n<p>Bu arada, bu listeyi ara ara temizlemenizde fayda var. Ayr\u0131ca, e\u011fer listede bulunan giri\u015f yapt\u0131\u011f\u0131n\u0131z bir cihaz\u0131 kaybederseniz kesinlikle listeden kald\u0131r\u0131n. <\/p>\n<p><strong>Giri\u015f Yapt\u0131\u011f\u0131n Yer.<\/strong> Bu i\u015fe yarar ayar ise, Facebook\u2019a giri\u015f yapt\u0131\u011f\u0131n\u0131z cihazlar\u0131 bildiriyor. Arkada\u015f\u0131n\u0131z\u0131n bilgisayar\u0131nda Facebook\u2019u a\u00e7\u0131k m\u0131 unuttunuz? Ya da daha k\u00f6t\u00fcs\u00fc, internet cafede mi hesab\u0131n\u0131z\u0131 a\u00e7\u0131k unuttunuz? Hesab\u0131n\u0131zda size ait olmayan \u015f\u00fcpheli bir aktivite mi var? T\u00fcm oturumlar\u0131 kapat\u0131n \u2013 ve parolan\u0131z\u0131 de\u011fi\u015ftirin! <\/p>\n<p><img loading=\"lazy\" decoding=\"async\" src=\"https:\/\/media.kasperskydaily.com\/wp-content\/uploads\/sites\/91\/2016\/11\/06013724\/recognized-devices-EN.jpg\" alt=\"recognized-devices-en\" width=\"1280\" height=\"900\" class=\"alignnone size-full wp-image-2595\"><\/p>\n<p><strong>Hesap Varisi.<\/strong> Hesap varisiniz sizin \u00f6l\u00fcm\u00fcn\u00fczden sonra hesab\u0131n\u0131z\u0131 kontrol edebilecek ki\u015fidir: profilinize g\u00f6nderi tutturabilir, arkada\u015fl\u0131k isteklerinize yan\u0131t verebilir veya profil foto\u011fraf\u0131n\u0131z\u0131 de\u011fi\u015ftirebilir. Varisiniz \u2018sizmi\u015fsiniz\u2019 gibi g\u00f6nderi payla\u015famazlar. Bu \u00f6zellik hakk\u0131nda daha fazla bilgi i\u00e7in <a href=\"https:\/\/www.facebook.com\/help\/1568013990080948\" target=\"_blank\" rel=\"noopener nofollow\">t\u0131klay\u0131n<\/a>. <\/p>\n<p><img loading=\"lazy\" decoding=\"async\" src=\"https:\/\/media.kasperskydaily.com\/wp-content\/uploads\/sites\/91\/2016\/11\/06013721\/legacy-contact-EN.jpg\" alt=\"legacy-contact-en\" width=\"1280\" height=\"700\" class=\"alignnone size-full wp-image-2598\"><\/p>\n<p><strong>Hesab\u0131n\u0131 Dondur.<\/strong> Facebook\u2019tan ayr\u0131 kalmak istiyorsan\u0131z hesab\u0131n\u0131 buradan ge\u00e7ici olarak dondurabilirsin. G\u00f6nderileriniz kimse taraf\u0131ndan g\u00f6z\u00fckmeyecek ancak istedi\u011finiz zaman hesab\u0131n\u0131za tekrar giri\u015f yaparak her \u015feyi geri aktif edebileceksiniz. <\/p>\n<p><img loading=\"lazy\" decoding=\"async\" src=\"https:\/\/media.kasperskydaily.com\/wp-content\/uploads\/sites\/91\/2016\/11\/06013719\/deactivate-your-account-EN.jpg\" alt=\"deactivate-your-account-en\" width=\"1280\" height=\"330\" class=\"alignnone size-full wp-image-2599\"><\/p>\n<p>(Facebook hesab\u0131n\u0131z\u0131 kal\u0131c\u0131 olarak tamamen silebilirsiniz, ancak bu se\u00e7enek ayarlarda yer alm\u0131yor. Bu \u00f6zellik i\u00e7in direkt <a href=\"https:\/\/www.facebook.com\/help\/delete_account\" target=\"_blank\" rel=\"noopener nofollow\">link<\/a>.)<\/p>\n<p><strong>\u0130\u015fe yarar ba\u015fka iki ayar <\/strong><br>\nAyarlar b\u00f6l\u00fcm\u00fcnden genel k\u0131sm\u0131n\u0131 se\u00e7in. Ki\u015fisel bilgilerinizin yan\u0131 s\u0131ra parolan\u0131z\u0131 son de\u011fi\u015ftirdi\u011finiz zaman\u0131 da g\u00f6receksiniz. Parolan\u0131z\u0131 belli aral\u0131klarla <a href=\"https:\/\/www.kaspersky.com\/blog\/false-perception-of-it-security-passwords\/7036\/\" target=\"_blank\" rel=\"noopener nofollow\">g\u00fcvenli bir kombinasyon<\/a> kullanarak de\u011fi\u015ftirmenizi \u00f6neriyoruz. <\/p>\n<p><img loading=\"lazy\" decoding=\"async\" src=\"https:\/\/media.kasperskydaily.com\/wp-content\/uploads\/sites\/91\/2016\/11\/06013718\/other-settings-EN.jpg\" alt=\"other-settings-en\" width=\"1280\" height=\"600\" class=\"alignnone size-full wp-image-2600\"><\/p>\n<p>Ek olarak, burada Facebook verilerinin kopyas\u0131n\u0131 indir butonunu bulabilirsiniz. S\u0131kl\u0131kla verilerinizi yedeklemenizi \u00f6neriyoruz, ayn\u0131 \u015fey sosyal medyada da ge\u00e7erli. <a href=\"https:\/\/www.kaspersky.com\/blog\/ransomware-10-tips\/10673\/\" target=\"_blank\" rel=\"noopener nofollow\">Herhangi bir sebepten dolay\u0131<\/a> online verilerinizi kaybederseniz yedeklerinin sizde olmas\u0131 onlar\u0131 tekrar y\u00fckleyebilmenize olanak sa\u011flar. Bu \u00f6zellik ile sadece foto\u011fraflar\u0131n\u0131z de\u011fil, g\u00f6nderilerinizi de saklayabilirsiniz. <\/p>\n<p>Son olarak su\u00e7lular\u0131n oltalama sald\u0131r\u0131s\u0131 i\u00e7in s\u0131kl\u0131kla Facebook mesaj\u0131 ve linki g\u00f6nderdi\u011fini belirtelim. \u015eu g\u00f6nderide de nas\u0131l oldu\u011funu ve nas\u0131l korunabilece\u011finizi <a href=\"https:\/\/www.kaspersky.com\/blog\/avoid-phishing-facebook\/8072\/\" target=\"_blank\" rel=\"noopener nofollow\">anlatt\u0131k<\/a>. <\/p>\n","protected":false},"excerpt":{"rendered":"<p>Facebook hesab\u0131n\u0131z muhtemelen pek yeni de\u011fildir. Hatta belki oturup g\u00fcvenlik ayarlar\u0131n\u0131 iyice incelemi\u015f ve iyi \u015fekilde ayarlam\u0131\u015fs\u0131n\u0131zd\u0131r. Peki o zamandan beri ayarlara tekrar g\u00f6z att\u0131n\u0131z m\u0131? Bu yaz\u0131m\u0131z i\u015finize yarayacak.<\/p>\n","protected":false},"author":522,"featured_media":2601,"comment_status":"closed","ping_status":"open","sticky":false,"template":"","format":"standard","meta":{"_acf_changed":false,"footnotes":""},"categories":[1284,1351],"tags":[1057,20,744,519,677,832],"class_list":{"0":"post-2586","1":"post","2":"type-post","3":"status-publish","4":"format-standard","5":"has-post-thumbnail","7":"category-tips","8":"category-threats","9":"tag-ayar","10":"tag-facebook","11":"tag-guvenlik","12":"tag-ipuclari-2","13":"tag-oneri","14":"tag-sosyal-ag"},"hreflang":[{"hreflang":"tr","url":"https:\/\/www.kaspersky.com.tr\/blog\/facebook-security-settings\/2586\/"},{"hreflang":"en-ae","url":"https:\/\/me-en.kaspersky.com\/blog\/facebook-security-settings\/5644\/"},{"hreflang":"ar","url":"https:\/\/me.kaspersky.com\/blog\/facebook-security-settings\/3943\/"},{"hreflang":"en-us","url":"https:\/\/usa.kaspersky.com\/blog\/facebook-security-settings\/7938\/"},{"hreflang":"en-gb","url":"https:\/\/www.kaspersky.co.uk\/blog\/facebook-security-settings\/7872\/"},{"hreflang":"es-mx","url":"https:\/\/latam.kaspersky.com\/blog\/facebook-security-settings\/7912\/"},{"hreflang":"es","url":"https:\/\/www.kaspersky.es\/blog\/facebook-security-settings\/9435\/"},{"hreflang":"it","url":"https:\/\/www.kaspersky.it\/blog\/facebook-security-settings\/9243\/"},{"hreflang":"ru","url":"https:\/\/www.kaspersky.ru\/blog\/facebook-security-settings\/13480\/"},{"hreflang":"x-default","url":"https:\/\/www.kaspersky.com\/blog\/facebook-security-settings\/13330\/"},{"hreflang":"fr","url":"https:\/\/www.kaspersky.fr\/blog\/facebook-security-settings\/6243\/"},{"hreflang":"pt-br","url":"https:\/\/www.kaspersky.com.br\/blog\/facebook-security-settings\/6693\/"},{"hreflang":"de","url":"https:\/\/www.kaspersky.de\/blog\/facebook-security-settings\/9088\/"},{"hreflang":"ja","url":"https:\/\/blog.kaspersky.co.jp\/facebook-security-settings\/13055\/"},{"hreflang":"ru-kz","url":"https:\/\/blog.kaspersky.kz\/facebook-security-settings\/13480\/"},{"hreflang":"en-au","url":"https:\/\/www.kaspersky.com.au\/blog\/facebook-security-settings\/13330\/"},{"hreflang":"en-za","url":"https:\/\/www.kaspersky.co.za\/blog\/facebook-security-settings\/13330\/"}],"acf":[],"banners":"","maintag":{"url":"https:\/\/www.kaspersky.com.tr\/blog\/tag\/ayar\/","name":"ayar"},"_links":{"self":[{"href":"https:\/\/www.kaspersky.com.tr\/blog\/wp-json\/wp\/v2\/posts\/2586","targetHints":{"allow":["GET"]}}],"collection":[{"href":"https:\/\/www.kaspersky.com.tr\/blog\/wp-json\/wp\/v2\/posts"}],"about":[{"href":"https:\/\/www.kaspersky.com.tr\/blog\/wp-json\/wp\/v2\/types\/post"}],"author":[{"embeddable":true,"href":"https:\/\/www.kaspersky.com.tr\/blog\/wp-json\/wp\/v2\/users\/522"}],"replies":[{"embeddable":true,"href":"https:\/\/www.kaspersky.com.tr\/blog\/wp-json\/wp\/v2\/comments?post=2586"}],"version-history":[{"count":1,"href":"https:\/\/www.kaspersky.com.tr\/blog\/wp-json\/wp\/v2\/posts\/2586\/revisions"}],"predecessor-version":[{"id":4023,"href":"https:\/\/www.kaspersky.com.tr\/blog\/wp-json\/wp\/v2\/posts\/2586\/revisions\/4023"}],"wp:featuredmedia":[{"embeddable":true,"href":"https:\/\/www.kaspersky.com.tr\/blog\/wp-json\/wp\/v2\/media\/2601"}],"wp:attachment":[{"href":"https:\/\/www.kaspersky.com.tr\/blog\/wp-json\/wp\/v2\/media?parent=2586"}],"wp:term":[{"taxonomy":"category","embeddable":true,"href":"https:\/\/www.kaspersky.com.tr\/blog\/wp-json\/wp\/v2\/categories?post=2586"},{"taxonomy":"post_tag","embeddable":true,"href":"https:\/\/www.kaspersky.com.tr\/blog\/wp-json\/wp\/v2\/tags?post=2586"}],"curies":[{"name":"wp","href":"https:\/\/api.w.org\/{rel}","templated":true}]}}