{"id":2778,"date":"2016-12-21T02:50:35","date_gmt":"2016-12-21T07:50:35","guid":{"rendered":"https:\/\/www.kaspersky.com.tr\/blog\/?p=2778"},"modified":"2019-11-15T14:54:11","modified_gmt":"2019-11-15T11:54:11","slug":"facebook-privacy-settings","status":"publish","type":"post","link":"https:\/\/www.kaspersky.com.tr\/blog\/facebook-privacy-settings\/2778\/","title":{"rendered":"Facebook gizlilik ayarlar\u0131: Bilmeniz gereken \u015feyler"},"content":{"rendered":"<p>Facebook ayarlar\u0131 s\u00fcrekli de\u011fi\u015fiyor. Ge\u00e7ti\u011fimiz birka\u00e7 y\u0131l i\u00e7erisinde Facebook \u00f6nemli bir\u00e7ok \u00f6zelli\u011fi defalarca kald\u0131rd\u0131, de\u011fi\u015ftirdi, yerini de\u011fi\u015ftirdi ve yerine yenilerini getirdi. Bu \u00f6zellikleri kurcalarken bir yerlerde kaybolman\u0131z \u00e7ok muhtemel. Bu y\u00fczden tekrar sizlere Facebook gizlili\u011finizi nas\u0131l koruyabilece\u011finizi anlataca\u011f\u0131z. Facebook g\u00fcvenli\u011fi hakk\u0131nda ise daha \u00f6nce payla\u015ft\u0131\u011f\u0131m\u0131z \u201c<a href=\"https:\/\/www.kaspersky.com.tr\/blog\/facebook-security-settings\/2586\/\" target=\"_blank\" rel=\"noopener noreferrer\">Facebook g\u00fcvenlik ayarlar\u0131 hakk\u0131nda bilmeniz gereken her \u015fey<\/a>\u201d ba\u015fl\u0131\u011f\u0131na g\u00f6z atabilirsiniz.<\/p>\n<p>Facebook ayarlar men\u00fcs\u00fc bir\u00e7ok ayar bulunduruyor. \u015eimdi sizin Facebook\u2019un ayarlar\u0131n\u0131 kullanman\u0131za yard\u0131m edece\u011fiz.<\/p>\n<p><strong>Gizlilik sekmesi<\/strong><br>\n<img loading=\"lazy\" decoding=\"async\" class=\"alignnone size-full wp-image-2780\" src=\"https:\/\/media.kasperskydaily.com\/wp-content\/uploads\/sites\/91\/2016\/12\/06013526\/facebook-privacy-settings-1.jpg\" alt=\"\" width=\"984\" height=\"393\"><br>\n<strong><br>\nPayla\u015ft\u0131klar\u0131m\u0131 kimler g\u00f6rebilir?<\/strong> Bu sekme alt\u0131nda \u00fc\u00e7 ilgin\u00e7 ayar mevcut.<\/p>\n<p>1. <em>\u0130leride payla\u015faca\u011f\u0131n g\u00f6nderileri kimler g\u00f6rebilir?<\/em> Burada bir \u015fey yok. Payla\u015facaklar\u0131n\u0131 g\u00f6rmesini istedi\u011fin insanlar\u0131 se\u00e7men laz\u0131m. Facebook arkada\u015flar\u0131n, arkada\u015f\u0131n\u0131n arkada\u015flar\u0131, herkese a\u00e7\u0131k ya da \u00f6zel bir grup insan. \u015eunu akl\u0131n\u0131zda tutun, bu ayar eski g\u00f6nderilerinizi g\u00f6r\u00fcnt\u00fcleyebilecek kitleyi de\u011fi\u015ftirmez, sadece ayardan sonra payla\u015faca\u011f\u0131n\u0131z g\u00f6nderiler i\u00e7in ge\u00e7erlidir. Eski g\u00f6nderileri gizlemek istiyorsan\u0131z \u00fc\u00e7\u00fcnc\u00fc maddeye g\u00f6z at\u0131n.<\/p>\n<p>Bu arada bu men\u00fcy\u00fc de\u011fi\u015ftirmek i\u00e7in men\u00fcye girmenize gerek yok. Yeni bir g\u00f6nderi olu\u015ftururken payla\u015fl\u0131m butonunun yan\u0131nda bulunan k\u00fc\u00e7\u00fck men\u00fcden de bu ayarlamay\u0131 yapabilirsiniz.<\/p>\n<p><img loading=\"lazy\" decoding=\"async\" class=\"alignnone size-full wp-image-2781\" src=\"https:\/\/media.kasperskydaily.com\/wp-content\/uploads\/sites\/91\/2016\/12\/06013526\/facebook-privacy-settings-2.jpg\" alt=\"\" width=\"535\" height=\"343\"><br>\n<em><br>\n2. T\u00fcm g\u00f6nderilerini ve etiketlenmi\u015f oldu\u011fun \u015feyleri g\u00f6zden ge\u00e7ir.<\/em> Bu linke t\u0131klamak sizi hareketler d\u00f6k\u00fcm\u00fcne g\u00f6t\u00fcr\u00fcr. Bir g\u00f6nderiyi be\u011fendi\u011finizde, bir yorum yapt\u0131\u011f\u0131n\u0131zda ya da birini foto\u011frafta etiketlendi\u011finizde, yapt\u0131\u011f\u0131n\u0131z i\u015flem bu sayfada g\u00f6r\u00fcn\u00fcr. Yapt\u0131\u011f\u0131n\u0131z yorumlar\u0131 bulmak i\u00e7in solda bulunan men\u00fcden yorumlar sekmesine bakabilirsiniz. Ayn\u0131 \u015fekilde be\u011fenilerinizi g\u00f6rmek i\u00e7in be\u011fenmeler men\u00fcs\u00fcne g\u00f6z atabilirsiniz. Etiketlendi\u011finiz foto\u011fraflara da foto\u011fraflar men\u00fcs\u00fcnden ula\u015fabilirsiniz.<\/p>\n<p><img loading=\"lazy\" decoding=\"async\" class=\"alignnone size-full wp-image-2782\" src=\"https:\/\/media.kasperskydaily.com\/wp-content\/uploads\/sites\/91\/2016\/12\/06013525\/facebook-privacy-settings-3.jpg\" alt=\"\" width=\"862\" height=\"490\"><\/p>\n<p>3.<em> Arkada\u015flar\u0131n\u0131n arkada\u015flar\u0131yla veya Herkese A\u00e7\u0131k payla\u015fm\u0131\u015f oldu\u011fun g\u00f6nderilerin hedef kitlesini s\u0131n\u0131rla.<\/em> Bu ayar ile, eski g\u00f6nderilerinizi arkada\u015flar\u0131n\u0131z\u0131n arkada\u015flar\u0131ndan veya genel internet kullan\u0131c\u0131lar\u0131ndan gizleyebilirsiniz. Bu men\u00fcy\u00fc aktif etseniz bile, arkada\u015flar\u0131n\u0131z eski g\u00f6nderilerinize eri\u015fim sa\u011flayabilirler. Dikkatli olun, bu ayar\u0131 geri alamazs\u0131n\u0131z. Yani eski g\u00f6nderilerinizin g\u00f6r\u00fcn\u00fcrl\u00fc\u011f\u00fcn\u00fc de\u011fi\u015ftirmek isterseniz tek tek de\u011fi\u015ftirmeniz gerekecektir. Daha fazlas\u0131 i\u00e7in <a href=\"https:\/\/www.facebook.com\/help\/236898969688346\" target=\"_blank\" rel=\"noopener noreferrer nofollow\">buraya t\u0131klay\u0131n<\/a>.<\/p>\n<p>\u0130stedi\u011finiz g\u00f6nderinin g\u00f6r\u00fcn\u00fcrl\u00fcl\u00fc\u011f\u00fcn\u00fc istedi\u011finiz zaman de\u011fi\u015ftirebilirsiniz. G\u00f6nderinin sa\u011f \u00fcst k\u0131sm\u0131ndan a\u00e7\u0131l\u0131r men\u00fcy\u00fc a\u00e7\u0131n, G\u00f6nderiyi D\u00fczenle\u2019yi se\u00e7in, a\u015fa\u011f\u0131dan g\u00f6nderinizi g\u00f6rebilecek kitleyi se\u00e7in.<\/p>\n<p><strong>Benimler kimler ileti\u015fim kurabilir? <\/strong> \u2013 Bu men\u00fcden size arkada\u015fl\u0131k iste\u011fi g\u00f6nderebilecek kitleyi se\u00e7ebilirsiniz. Arkada\u015flar\u0131n\u0131z\u0131n arkada\u015flar\u0131 ya da herkes.<br>\n<strong>Aramada beni kimler bulabilir?<\/strong> \u2013 Facebook\u2019ta cep numaras\u0131 ve mail adresi ile arama yapabilirsiniz. Bu ayarlar\u0131 kullanarak insanlar\u0131n sizi cep numaran\u0131zdan ve mail adresinizden bulmas\u0131n\u0131 veya bulamamas\u0131n\u0131 sa\u011flayabilirsiniz.<\/p>\n<p>Ayr\u0131ca buradan Facebook hesab\u0131n\u0131z\u0131 Google, Yahoo ve di\u011fer arama motorlar\u0131ndan kald\u0131rabilirsiniz.<\/p>\n<p><strong>Zaman T\u00fcneli ve Etiketlenme <\/strong><br>\n<img loading=\"lazy\" decoding=\"async\" class=\"alignnone size-full wp-image-2783\" src=\"https:\/\/media.kasperskydaily.com\/wp-content\/uploads\/sites\/91\/2016\/12\/06013525\/facebook-privacy-settings-4.jpg\" alt=\"\" width=\"975\" height=\"425\"><\/p>\n<p><strong>Zaman T\u00fcnelime kimler bir \u015fey ekleyebilir? <\/strong><br>\n<em>Zaman T\u00fcnelime kimler bir \u015fey ekleyebilir?<\/em> Duvar\u0131n\u0131zda kimlerin payla\u015f\u0131mda bulunabilece\u011fini se\u00e7in \u2013 sadece siz ya da arkada\u015flar\u0131n\u0131z. E\u011fer Facebook arkada\u015flar\u0131n\u0131zda bir \u015fekilde yabanc\u0131lar varsa, bu \u00f6zelli\u011fi kapatmay\u0131 d\u00fc\u015f\u00fcnebilirsiniz.<\/p>\n<p><em>Arkada\u015flar\u0131n\u0131n seni etiketledi\u011fi g\u00f6nderiler Zaman T\u00fcnelinde g\u00f6r\u00fcnmeden \u00f6nce onay\u0131na sunulsun mu?<\/em> Etiketlendi\u011finiz g\u00f6nderilerin buradan kontrol edebilirsiniz. Bu \u00f6zelli\u011fi a\u00e7\u0131k yaparsan\u0131z, biri sizi etiketledi\u011finde zaman t\u00fcnelinize d\u00fc\u015fmeden \u00f6nce sizin onay\u0131n\u0131za sunulur.<\/p>\n<p><img loading=\"lazy\" decoding=\"async\" class=\"alignnone size-full wp-image-2784\" src=\"https:\/\/media.kasperskydaily.com\/wp-content\/uploads\/sites\/91\/2016\/12\/06013524\/facebook-privacy-settings-5.jpg\" alt=\"\" width=\"681\" height=\"141\"><\/p>\n<p>\u015eunu unutmay\u0131n, bu ayar sadece etiketlendi\u011finiz g\u00f6nderinin zaman t\u00fcnelinizde g\u00f6r\u00fcnmesini engeller. Etiketlendi\u011finiz g\u00f6nderi Facebook\u2019ta, haber ak\u0131\u015f\u0131nda ve di\u011fer yerlerde bulunmaya devam edecektir.<\/p>\n<p><strong>Zaman T\u00fcnelimdeki \u015feyleri kimler g\u00f6rebilir?<\/strong><br>\n<em>Di\u011fer insanlar\u0131n Zaman T\u00fcnelinde neleri g\u00f6rd\u00fc\u011f\u00fcn\u00fc g\u00f6zden ge\u00e7ir <\/em>\u2013 bu linkte t\u0131klayarak Zaman T\u00fcnelinizin ba\u015fkalar\u0131n\u0131n ya da bir arkada\u015f\u0131n\u0131z\u0131n g\u00f6z\u00fcnden nas\u0131l g\u00f6r\u00fcnd\u00fc\u011f\u00fcn\u00fc g\u00f6rebilirsiniz.<\/p>\n<p><em>Etiketlendi\u011fin g\u00f6nderileri Zaman T\u00fcnelinde kimler g\u00f6rebilir? <\/em>Payla\u015ft\u0131\u011f\u0131m\u0131z g\u00f6nderiler \u00fczerinde y\u00f6netim g\u00fcc\u00fcm\u00fcz var. Bazen arkada\u015flar\u0131m\u0131z bizi ba\u015fkalar\u0131n\u0131n g\u00f6rmesini istemedi\u011fimiz foto\u011fraflara etiketleyebilir. E\u011fer etiketlendi\u011finiz t\u00fcm foto\u011fraflar\u0131 tek tek kontrol etmek istemiyorsan\u0131z, t\u00fcm etiketlendi\u011finiz g\u00f6nderilerin g\u00f6r\u00fcn\u00fcrl\u00fck ayar\u0131n\u0131 bir anda de\u011fi\u015ftirebilirsiniz.<\/p>\n<p>\u201cSadece Ben\u201d ya da \u201c\u00d6zel\u201d se\u00e7erek, etiketlendi\u011finiz g\u00f6nderilerin herkes taraf\u0131ndan g\u00f6r\u00fcnmesini engelleyebilirsiniz. Ayr\u0131ca be\u011fenmedi\u011finiz g\u00f6nderi ve foto\u011fraflardan manuel olarak etiketinizi kald\u0131rabilirsiniz. Daha fazlas\u0131 i\u00e7in t\u0131klay\u0131n.<\/p>\n<p><em>Ba\u015fkalar\u0131n\u0131n senin Zaman T\u00fcnelinde payla\u015ft\u0131\u011f\u0131 g\u00f6nderileri kimler g\u00f6rebilir? <\/em>Bu men\u00fcden arkada\u015flar\u0131n\u0131z\u0131n sizin duvar\u0131nda payla\u015ft\u0131\u011f\u0131 g\u00f6nderileri di\u011fer arkada\u015flar\u0131n\u0131zdan gizleyebilirsiniz.<\/p>\n<p><strong>\u0130nsanlar\u0131n ekledi\u011fi etiketleri ve etiketleme \u00f6nerilerini nas\u0131l y\u00f6netebilirim?<\/strong><br>\n<em>\u0130nsanlar\u0131n senin g\u00f6nderilerine ekledi\u011fi etiketler Facebook\u2019ta g\u00f6z\u00fckmeden \u00f6nce onay\u0131na sunulsun mu? <\/em>Bazen arkada\u015flar\u0131n\u0131z alakas\u0131 olmayan insanlar\u0131 alakas\u0131 olmayan g\u00f6nderilere etiketleyebilirler. Ayr\u0131ca gereksiz etiketler g\u00f6rmemesini istedi\u011finiz insanlar\u0131n da g\u00f6rmesine sebep olabilir. Bu ayar bu durumlar\u0131 ortadan kald\u0131r\u0131yor.<\/p>\n<p><em>Bir g\u00f6nderide etiketlendi\u011finde, hedef kitlede olmayan kimleri hedef kitleye eklemek istersin?<\/em> Etiketlendi\u011finiz bir g\u00f6nderiyi zaman t\u00fcnelinde g\u00f6sterebilir ya da gizleyebilirsiniz. Ama gizleseniz de bu g\u00f6nderi i\u00e7eri\u011fi payla\u015fan\u0131n profilinde, zaman ak\u0131\u015f\u0131nda, ortak arkada\u015flar\u0131n\u0131z\u0131n arama sonu\u00e7lar\u0131nda ve ba\u015fka yerlerde g\u00f6z\u00fckecekletir. Bu g\u00f6nderiyi ba\u015fkalar\u0131ndan gizlemek istiyorsan\u0131z \u201cSadece Ben\u201d se\u00e7ene\u011fini se\u00e7iniz.<\/p>\n<p><em>Sana benzeyen foto\u011fraflar y\u00fcklendi\u011finde, kimlere seni etiketlemesi \u00f6nerilsin? <\/em>Facebook kullan\u0131c\u0131lar\u0131 foto\u011fraflarda tespit etmek i\u00e7in kendi<a href=\"https:\/\/www.kaspersky.com.tr\/blog\/how-facial-recognition-works\/2302\/\" target=\"_blank\" rel=\"noopener noreferrer\"> y\u00fcz tan\u0131ma sistemi<\/a>ni kullan\u0131yor. Bir kullan\u0131c\u0131 foto\u011fraf ekledi\u011finde, sosyal a\u011f etiket \u00f6nerilerinde bulunuyor. Facebook\u2019un bunu yapmas\u0131n\u0131 istemiyorsan\u0131z, bu ayar\u0131 kullan\u0131n.<\/p>\n<p><strong>Engelleme<\/strong><br>\n<img loading=\"lazy\" decoding=\"async\" class=\"alignnone size-full wp-image-2785\" src=\"https:\/\/media.kasperskydaily.com\/wp-content\/uploads\/sites\/91\/2016\/12\/06013524\/facebook-privacy-settings-6.jpg\" alt=\"\" width=\"990\" height=\"505\"><\/p>\n<p>Burada i\u015fe yarayan \u00fc\u00e7 tane men\u00fc var.<\/p>\n<p><strong>K\u0131s\u0131tl\u0131lar Listesi <\/strong>\u2013 Bu liste g\u00f6nderileri herkese a\u00e7\u0131k ve ki\u015fisel olarak d\u00fczenlemenin yollar\u0131ndan biri. Bu listeye ekledi\u011finiz arkada\u015flar\u0131n\u0131z, sadece arkada\u015flar\u0131n\u0131z\u0131n g\u00f6rebilece\u011fi g\u00f6nderiler payla\u015ft\u0131\u011f\u0131n\u0131zda g\u00f6remeyeceklerdir. K\u0131s\u0131tlanm\u0131\u015f kullan\u0131c\u0131lar sadece herkese a\u00e7\u0131k g\u00f6nderilerinizi, ortak arkada\u015flar\u0131n\u0131z\u0131n duvarlar\u0131nda payla\u015ft\u0131klar\u0131n\u0131z\u0131 ve etiketlendikleri g\u00f6nderileri g\u00f6rebilirler. Birini k\u0131s\u0131tl\u0131lar listesine ekledi\u011finizde, Facebook kullan\u0131c\u0131y\u0131 bu durumla ilgili bilgilendirmez. Bu ayarla ilgili daha fazla bilgi i\u00e7in <a href=\"https:\/\/www.facebook.com\/help\/206571136073851\" target=\"_blank\" rel=\"noopener noreferrer nofollow\">t\u0131klay\u0131n<\/a>.<br>\n<strong><br>\nKullan\u0131c\u0131lar\u0131 Engelle<\/strong> \u2013 E\u011fer bir Facebook kullan\u0131c\u0131s\u0131 ile tamamen ba\u011flar\u0131n\u0131z\u0131 kopartmak istiyorsan\u0131z engellemeniz yeterli. Engellenmi\u015f kullan\u0131c\u0131 sizi, g\u00f6nderilerinizi, zaman t\u00fcnelinizi g\u00f6remeyecek, sizi etiketleyemeyecek, sizi gruplara davet edemeyecek, sizinle konu\u015fma ba\u015flayatamayacak ve sizi g\u00f6remeyecektir.<br>\n<strong><br>\nSayfalar\u0131 Engelle<\/strong> \u2013 Facebook\u2019ta istedi\u011fini sayfay\u0131 da engelleyebilirsiniz. Bir sayfay\u0131 bloklamak, iki taraf i\u00e7in de birbiriyle etkile\u015fime ge\u00e7ememek anlam\u0131na gelir. Engelledi\u011finiz sayfa g\u00f6nderilerinizle etkile\u015fimde bulunamaz, be\u011fenilerde ya da yorumlarda etkile\u015fime ge\u00e7emez, yorumlar\u0131n\u0131za cevap veremez. Ayn\u0131 \u015fekilde siz de sayfan\u0131n Zaman T\u00fcnelinde bir \u015fey payla\u015famaz ya da mesaj g\u00f6nderemezsiniz. E\u011fer be\u011fendi\u011finiz bir sayfaysa, engellemek ayn\u0131 zamanda be\u011fenizi ve takibinizi kald\u0131r\u0131r.<\/p>\n<p><strong>Herkese A\u00e7\u0131k G\u00f6nderiler<\/strong><br>\nBurada da baz\u0131 ilgi \u00e7ekici ayarlar bulunuyor.<\/p>\n<p><img loading=\"lazy\" decoding=\"async\" class=\"alignnone size-full wp-image-2786\" src=\"https:\/\/media.kasperskydaily.com\/wp-content\/uploads\/sites\/91\/2016\/12\/06013523\/facebook-privacy-settings-7.jpg\" alt=\"\" width=\"987\" height=\"409\"><\/p>\n<p><strong>Beni kimler takip edebilir <\/strong>Buradan arkada\u015f\u0131n\u0131z olmayan insanlar\u0131n sizi takip edebilmesine izin verebilirsiniz. E\u011fer izin verirseniz.<br>\n<strong><br>\nHerkese A\u00e7\u0131k G\u00f6nderi Yorumlar\u0131, Herkese A\u00e7\u0131k G\u00f6nderi Bildirimleri<\/strong> ve<strong> Herkese A\u00e7\u0131k Profil Bilgileri<\/strong><br>\nBuradan herkese a\u00e7\u0131k g\u00f6nderilerinize kimlerin yorum yapabilece\u011fini se\u00e7ebilir ve listenizde olmayan biri g\u00f6nderinizi be\u011fendi\u011finde, yorum yapt\u0131\u011f\u0131nda ya da payla\u015ft\u0131\u011f\u0131nda bildirim alabilirsiniz.<\/p>\n<p><strong>Reklamlar<\/strong><br>\nFacebook sizin hakk\u0131n\u0131zda veri toplar: ne be\u011fendiniz ve ne payla\u015ft\u0131n\u0131z, sosyal medya hesab\u0131n\u0131za hangi internet siteleri ba\u011fl\u0131 vs. Facebook bu bilgileri size ve arkada\u015flar\u0131n\u0131za reklam g\u00f6stermek i\u00e7in kullan\u0131r. E\u011fer bunu istemiyorsan\u0131z, Facebook\u2019un reklam i\u00e7in verilerinizi kullanmas\u0131n\u0131 engelleyin.<\/p>\n<p><img loading=\"lazy\" decoding=\"async\" class=\"alignnone size-full wp-image-2787\" src=\"https:\/\/media.kasperskydaily.com\/wp-content\/uploads\/sites\/91\/2016\/12\/06013522\/facebook-privacy-settings-8.jpg\" alt=\"\" width=\"977\" height=\"329\"><\/p>\n","protected":false},"excerpt":{"rendered":"<p>Facebook ayarlar\u0131 s\u00fcrekli de\u011fi\u015fiyor. Ge\u00e7ti\u011fimiz birka\u00e7 y\u0131l i\u00e7erisinde Facebook \u00f6nemli bir\u00e7ok \u00f6zelli\u011fi defalarca kald\u0131rd\u0131, de\u011fi\u015ftirdi, yerini de\u011fi\u015ftirdi ve yerine yenilerini getirdi. Bu \u00f6zellikleri kurcalarken bir yerlerde kaybolman\u0131z \u00e7ok muhtemel. Bu y\u00fczden tekrar sizlere Facebook gizlili\u011finizi nas\u0131l koruyabilece\u011finizi anlataca\u011f\u0131z.<\/p>\n","protected":false},"author":522,"featured_media":2779,"comment_status":"closed","ping_status":"open","sticky":false,"template":"","format":"standard","meta":{"_acf_changed":false,"footnotes":""},"categories":[1284],"tags":[20,500,610,686,677,832],"class_list":{"0":"post-2778","1":"post","2":"type-post","3":"status-publish","4":"format-standard","5":"has-post-thumbnail","7":"category-tips","8":"tag-facebook","9":"tag-gizlilik","10":"tag-ipucu","11":"tag-kisisel-veri","12":"tag-oneri","13":"tag-sosyal-ag"},"hreflang":[{"hreflang":"tr","url":"https:\/\/www.kaspersky.com.tr\/blog\/facebook-privacy-settings\/2778\/"},{"hreflang":"en-ae","url":"https:\/\/me-en.kaspersky.com\/blog\/facebook-privacy-settings\/5732\/"},{"hreflang":"ar","url":"https:\/\/me.kaspersky.com\/blog\/facebook-privacy-settings\/4015\/"},{"hreflang":"en-us","url":"https:\/\/usa.kaspersky.com\/blog\/facebook-privacy-settings\/10565\/"},{"hreflang":"en-gb","url":"https:\/\/www.kaspersky.co.uk\/blog\/facebook-privacy-settings\/8126\/"},{"hreflang":"es-mx","url":"https:\/\/latam.kaspersky.com\/blog\/facebook-privacy-settings\/8699\/"},{"hreflang":"es","url":"https:\/\/www.kaspersky.es\/blog\/facebook-privacy-settings\/9656\/"},{"hreflang":"it","url":"https:\/\/www.kaspersky.it\/blog\/facebook-privacy-settings\/9448\/"},{"hreflang":"ru","url":"https:\/\/www.kaspersky.ru\/blog\/facebook-privacy-settings\/13690\/"},{"hreflang":"x-default","url":"https:\/\/www.kaspersky.com\/blog\/facebook-privacy-settings\/13578\/"},{"hreflang":"fr","url":"https:\/\/www.kaspersky.fr\/blog\/facebook-privacy-settings\/6419\/"},{"hreflang":"pt-br","url":"https:\/\/www.kaspersky.com.br\/blog\/facebook-privacy-settings\/6818\/"},{"hreflang":"de","url":"https:\/\/www.kaspersky.de\/blog\/facebook-privacy-settings\/9360\/"},{"hreflang":"ja","url":"https:\/\/blog.kaspersky.co.jp\/facebook-privacy-settings\/13408\/"},{"hreflang":"ru-kz","url":"https:\/\/blog.kaspersky.kz\/facebook-privacy-settings\/13690\/"},{"hreflang":"en-au","url":"https:\/\/www.kaspersky.com.au\/blog\/facebook-privacy-settings\/13578\/"},{"hreflang":"en-za","url":"https:\/\/www.kaspersky.co.za\/blog\/facebook-privacy-settings\/13578\/"}],"acf":[],"banners":"","maintag":{"url":"https:\/\/www.kaspersky.com.tr\/blog\/tag\/facebook\/","name":"Facebook"},"_links":{"self":[{"href":"https:\/\/www.kaspersky.com.tr\/blog\/wp-json\/wp\/v2\/posts\/2778","targetHints":{"allow":["GET"]}}],"collection":[{"href":"https:\/\/www.kaspersky.com.tr\/blog\/wp-json\/wp\/v2\/posts"}],"about":[{"href":"https:\/\/www.kaspersky.com.tr\/blog\/wp-json\/wp\/v2\/types\/post"}],"author":[{"embeddable":true,"href":"https:\/\/www.kaspersky.com.tr\/blog\/wp-json\/wp\/v2\/users\/522"}],"replies":[{"embeddable":true,"href":"https:\/\/www.kaspersky.com.tr\/blog\/wp-json\/wp\/v2\/comments?post=2778"}],"version-history":[{"count":2,"href":"https:\/\/www.kaspersky.com.tr\/blog\/wp-json\/wp\/v2\/posts\/2778\/revisions"}],"predecessor-version":[{"id":7100,"href":"https:\/\/www.kaspersky.com.tr\/blog\/wp-json\/wp\/v2\/posts\/2778\/revisions\/7100"}],"wp:featuredmedia":[{"embeddable":true,"href":"https:\/\/www.kaspersky.com.tr\/blog\/wp-json\/wp\/v2\/media\/2779"}],"wp:attachment":[{"href":"https:\/\/www.kaspersky.com.tr\/blog\/wp-json\/wp\/v2\/media?parent=2778"}],"wp:term":[{"taxonomy":"category","embeddable":true,"href":"https:\/\/www.kaspersky.com.tr\/blog\/wp-json\/wp\/v2\/categories?post=2778"},{"taxonomy":"post_tag","embeddable":true,"href":"https:\/\/www.kaspersky.com.tr\/blog\/wp-json\/wp\/v2\/tags?post=2778"}],"curies":[{"name":"wp","href":"https:\/\/api.w.org\/{rel}","templated":true}]}}