{"id":2869,"date":"2017-01-19T01:37:19","date_gmt":"2017-01-19T06:37:19","guid":{"rendered":"https:\/\/www.kaspersky.com.tr\/blog\/?p=2869"},"modified":"2019-11-15T14:53:44","modified_gmt":"2019-11-15T11:53:44","slug":"digital-scrapbooking","status":"publish","type":"post","link":"https:\/\/www.kaspersky.com.tr\/blog\/digital-scrapbooking\/2869\/","title":{"rendered":"Dijital an\u0131lar\u0131n\u0131z kimlerin elinde?"},"content":{"rendered":"<p>Ge\u00e7en hafta, i\u015f arkada\u015f\u0131m sohbet ederken Facebook\u2019un y\u0131llar \u00f6nce payla\u015ft\u0131\u011f\u0131n\u0131z an\u0131lar\u0131n\u0131z\u0131 tekrar g\u00f6rmenizi sa\u011flayan \u201cGe\u00e7mi\u015fte Bug\u00fcn\u201d \u00f6zelli\u011fini ne kadar sevdi\u011finden bahsetti. Facebook\u2019un bu \u00f6zelli\u011fi kullanmas\u0131ndan \u00f6t\u00fcr\u00fc \u00e7ok mutlu oldu\u011funu da ekledi. <\/p>\n<p>\u0130lerleyen g\u00fcnlerde, kendi \u201cGe\u00e7mi\u015fte Bug\u00fcn\u201d sayfama bakarken sohbetimizi akl\u0131mdan \u00e7\u0131karamad\u0131m. Foto\u011fraflar\u0131m\u0131 ve videolar\u0131m\u0131 iki ayr\u0131 bulut sistemi ve harici diskte yedekliyorum ancak Facebook\u2019tan gelen bu g\u00fcncellemeler \u00e7ok daha ilgi \u00e7ekici. <\/p>\n<p>Tabi, bir foto\u011frafa ya da videoya bak\u0131p o g\u00fcne ait mutlulu\u011funuzu tekrar hissedebilirsiniz. Ancak, Facebook size di\u011ferlerinin payla\u015ft\u0131klar\u0131n\u0131zla ba\u011fl\u0131 oldu\u011funu g\u00f6steriyor. <\/p>\n<p><a href=\"https:\/\/timehop.com\/\" target=\"_blank\" rel=\"noopener noreferrer nofollow\">TimeHop<\/a> ile bu \u00f6zelli\u011fi ilk g\u00f6rd\u00fc\u011f\u00fcmde, ba\u011flan\u0131p kalm\u0131\u015ft\u0131m. Her g\u00fcn gelen bir e-mail ile ge\u00e7mi\u015fte o g\u00fcn sosyal medyan\u0131n her alan\u0131nda ne s\u00f6yledi\u011fimi, he payla\u015ft\u0131\u011f\u0131m\u0131 g\u00f6rebiliyordum. Ne yaz\u0131k ki, \u015firket konsepti de\u011fi\u015ftirdi ama sonra, Facebook bu flashback\u2019leri klasik bir \u00f6zellik olarak kullanmaya ba\u015flad\u0131. <\/p>\n<p>\u0130ki gen\u00e7 \u00e7ocu\u011fun ebeveyni olarak, ge\u00e7mi\u015fte \u00e7ocuklar\u0131n yapt\u0131\u011f\u0131 \u015firinlikleri ve ayr\u0131ca nas\u0131l b\u00fcy\u00fcd\u00fcklerini g\u00f6rmekten de zevk al\u0131yorum. Bizden uzakta ya\u015fayan \u00f6nemli insanlar\u0131n \u00e7ocuklar\u0131m\u0131z\u0131n geli\u015fimini g\u00f6rd\u00fc\u011f\u00fcn\u00fc bilmek de \u00f6nemli bir nokta. <\/p>\n<p>San\u0131r\u0131m baz\u0131 konularda bu \u00f6zelli\u011fin sosyal ya\u015fam \u00e7izgisi oldu\u011funu s\u00f6yleyebiliriz. \u0130li\u015fkileri geli\u015ftiriyor, aileniz ve arkada\u015flar\u0131n\u0131zla ileti\u015fim halinde kalabilmek i\u00e7in \u00f6zellikler bar\u0131nd\u0131r\u0131yor. <\/p>\n<p>Ge\u00e7ti\u011fimiz haftalarda, \u015funu da farkettim, arkada\u015flar\u0131m\u0131n \u00e7o\u011fu vefat etmi\u015f akrabalar\u0131 ile olan an\u0131lar\u0131n\u0131 payla\u015f\u0131yor. Durumun ciddiyetini farketmeden evvel, insanlar\u0131n nas\u0131l farkl\u0131 \u015fekilde bu ac\u0131lara dayabildi\u011fini g\u00f6rebildim. <\/p>\n<p>Bunlar\u0131 s\u00f6yledi\u011fime g\u00f6re as\u0131l konuya ge\u00e7ebilirim. Bu dijital an\u0131lar\u0131n kimin elinde oldu\u011funu d\u00fc\u015f\u00fcnmeden edemiyorum. Bir\u00e7ok insan i\u00e7in Facebook, dijital an\u0131lar\u0131 payla\u015fmak i\u00e7in tek yer. Facebook \u00fczerinden haberleri okuyorlar, arkada\u015flar\u0131 ve aileleri ile ileti\u015fime ge\u00e7iyorlar, hatta bir \u00fcr\u00fcn ile ilgili yorum bile alabiliyorlar. \u201cY\u00fcz Kitab\u0131\u201d olarak adland\u0131rd\u0131\u011f\u0131m\u0131z yerde kendimizi yeterince koruyam\u0131yoruz. <\/p>\n<p>\u015eimdi, Facebook profillerimizi indirebiliyoruz ancak bunu d\u00fczenli olarak kim yap\u0131yor ki? Ben sosyal a\u011flar \u00fczerinde \u00e7al\u0131\u015ft\u0131\u011f\u0131mdan y\u0131lda bir iki kez egzersiz olarak bunu yap\u0131yorum. Facebook hesab\u0131m aniden ula\u015f\u0131lamaz olursa ya da dinozorlar\u0131n gitti\u011fi yoldan giderse o zaman ne olur? Yedeklemedi\u011fim ya da kaydetmedi\u011fim t\u00fcm verilerimi kaybederim. Fidye yaz\u0131l\u0131m ya Facebook\u2019u hedef olarak se\u00e7erse?<\/p>\n<blockquote class=\"twitter-tweet\" data-width=\"500\" data-dnt=\"true\">\n<p lang=\"en\" dir=\"ltr\"><a href=\"https:\/\/twitter.com\/hashtag\/Locky?src=hash&amp;ref_src=twsrc%5Etfw\" target=\"_blank\" rel=\"noopener nofollow\">#Locky<\/a> being spread over <a href=\"https:\/\/twitter.com\/hashtag\/Facebook?src=hash&amp;ref_src=twsrc%5Etfw\" target=\"_blank\" rel=\"noopener nofollow\">#Facebook<\/a>? via <a href=\"https:\/\/twitter.com\/threatpost?ref_src=twsrc%5Etfw\" target=\"_blank\" rel=\"noopener nofollow\">@threatpost<\/a> <a href=\"https:\/\/t.co\/28rDQ7TwWZ\" target=\"_blank\" rel=\"noopener nofollow\">https:\/\/t.co\/28rDQ7TwWZ<\/a> <a href=\"https:\/\/t.co\/reXG56LcYI\" target=\"_blank\" rel=\"noopener nofollow\">pic.twitter.com\/reXG56LcYI<\/a><\/p>\n<p>\u2014 Kaspersky (@kaspersky) <a href=\"https:\/\/twitter.com\/kaspersky\/status\/800762309614465024?ref_src=twsrc%5Etfw\" target=\"_blank\" rel=\"noopener nofollow\">November 21, 2016<\/a><\/p><\/blockquote>\n<p><script async src=\"https:\/\/platform.twitter.com\/widgets.js\" charset=\"utf-8\"><\/script><\/p>\n<p>Bu senaryolardan baz\u0131lar\u0131 uzak gelecekte olabilir ancak arkada\u015flar\u0131m\u0131n baz\u0131 sebeplerden dolay\u0131 Facebook\u2019tan 3-6 ay aral\u0131\u011f\u0131nda banland\u0131\u011f\u0131n\u0131 g\u00f6rd\u00fcm. Verilerine ula\u015famad\u0131lar ve dijital an\u0131lar\u0131na bakamad\u0131lar. <\/p>\n<p>Bu tats\u0131zl\u0131\u011f\u0131 bir d\u00fc\u015f\u00fcn\u00fcn. <\/p>\n<p>Bir\u00e7ok ebeveyn gibi ben de dijital an\u0131lar\u0131m\u0131n tembelli\u011fe ya da ihmalli\u011fe kurban gitmemesi i\u00e7in elimden gelenin en iyisini yapmal\u0131y\u0131m. Daha kolay bir \u00e7\u00f6z\u00fcm\u00fcn olmas\u0131n\u0131 umuyorum. Kim benimle birlikte?<\/p>\n<p>\u0130yi haber: Kaspersky Lab, ara\u015ft\u0131rmalar ve \u00fcr\u00fcn yenilemeleri ile bunu bir problem olarak g\u00f6rd\u00fc. \u015eimdi, ekibimiz <a href=\"https:\/\/ffforget.me\/\" target=\"_blank\" rel=\"noopener noreferrer nofollow\">Ffforget<\/a> isimli bir \u00e7\u00f6z\u00fcm i\u00e7in \u00e7al\u0131\u015f\u0131yorlar. Ffforget ile kullan\u0131c\u0131lar dijital hayatlar\u0131n\u0131 indirebilecekler. 2017 y\u0131l\u0131nda \u00e7\u0131kacak bu \u00fcr\u00fcne, <a href=\"https:\/\/ffforget.kaspersky.com\/\" target=\"_blank\" rel=\"noopener noreferrer nofollow\">ffforget.kaspersky.com<\/a> linkini ziyaret ederek erken eri\u015fim sa\u011flayabilirsiniz. <\/p>\n","protected":false},"excerpt":{"rendered":"<p>Ge\u00e7en hafta, i\u015f arkada\u015f\u0131m sohbet ederken Facebook\u2019un y\u0131llar \u00f6nce payla\u015ft\u0131\u011f\u0131n\u0131z an\u0131lar\u0131n\u0131z\u0131 tekrar g\u00f6rmenizi sa\u011flayan \u201cGe\u00e7mi\u015fte Bug\u00fcn\u201d \u00f6zelli\u011fini ne kadar sevdi\u011finden bahsetti. Facebook\u2019un bu \u00f6zelli\u011fi kullanmas\u0131ndan \u00f6t\u00fcr\u00fc \u00e7ok mutlu oldu\u011funu da ekledi. \u0130lerleyen g\u00fcnlerde, kendi \u201cGe\u00e7mi\u015fte Bug\u00fcn\u201d sayfama bakarken sohbetimizi akl\u0131mdan \u00e7\u0131karamad\u0131m. Foto\u011fraflar\u0131m\u0131 ve videolar\u0131m\u0131 iki ayr\u0131 bulut sistemi ve harici diskte yedekliyorum ancak Facebook\u2019tan gelen bu g\u00fcncellemeler \u00e7ok daha ilgi \u00e7ekici. <\/p>\n","protected":false},"author":636,"featured_media":2870,"comment_status":"closed","ping_status":"open","sticky":false,"template":"","format":"standard","meta":{"_acf_changed":false,"footnotes":""},"categories":[994,1284,1352],"tags":[1117,20,1083,716],"class_list":{"0":"post-2869","1":"post","2":"type-post","3":"status-publish","4":"format-standard","5":"has-post-thumbnail","7":"category-privacy","8":"category-tips","9":"category-special-projects","10":"tag-dijital-anilar","11":"tag-facebook","12":"tag-ffforget","13":"tag-sosyal-medya"},"hreflang":[{"hreflang":"tr","url":"https:\/\/www.kaspersky.com.tr\/blog\/digital-scrapbooking\/2869\/"},{"hreflang":"en-ae","url":"https:\/\/me-en.kaspersky.com\/blog\/digital-scrapbooking\/5776\/"},{"hreflang":"en-us","url":"https:\/\/usa.kaspersky.com\/blog\/digital-scrapbooking\/10614\/"},{"hreflang":"es-mx","url":"https:\/\/latam.kaspersky.com\/blog\/digital-scrapbooking\/8757\/"},{"hreflang":"es","url":"https:\/\/www.kaspersky.es\/blog\/digital-scrapbooking\/9792\/"},{"hreflang":"it","url":"https:\/\/www.kaspersky.it\/blog\/digital-scrapbooking\/9531\/"},{"hreflang":"ru","url":"https:\/\/www.kaspersky.ru\/blog\/digital-scrapbooking\/13885\/"},{"hreflang":"x-default","url":"https:\/\/www.kaspersky.com\/blog\/digital-scrapbooking\/13762\/"},{"hreflang":"fr","url":"https:\/\/www.kaspersky.fr\/blog\/digital-scrapbooking\/6466\/"},{"hreflang":"de","url":"https:\/\/www.kaspersky.de\/blog\/digital-scrapbooking\/9432\/"},{"hreflang":"ru-kz","url":"https:\/\/blog.kaspersky.kz\/digital-scrapbooking\/13885\/"},{"hreflang":"en-au","url":"https:\/\/www.kaspersky.com.au\/blog\/digital-scrapbooking\/13762\/"},{"hreflang":"en-za","url":"https:\/\/www.kaspersky.co.za\/blog\/digital-scrapbooking\/13762\/"}],"acf":[],"banners":"","maintag":{"url":"https:\/\/www.kaspersky.com.tr\/blog\/tag\/sosyal-medya\/","name":"sosyal medya"},"_links":{"self":[{"href":"https:\/\/www.kaspersky.com.tr\/blog\/wp-json\/wp\/v2\/posts\/2869","targetHints":{"allow":["GET"]}}],"collection":[{"href":"https:\/\/www.kaspersky.com.tr\/blog\/wp-json\/wp\/v2\/posts"}],"about":[{"href":"https:\/\/www.kaspersky.com.tr\/blog\/wp-json\/wp\/v2\/types\/post"}],"author":[{"embeddable":true,"href":"https:\/\/www.kaspersky.com.tr\/blog\/wp-json\/wp\/v2\/users\/636"}],"replies":[{"embeddable":true,"href":"https:\/\/www.kaspersky.com.tr\/blog\/wp-json\/wp\/v2\/comments?post=2869"}],"version-history":[{"count":2,"href":"https:\/\/www.kaspersky.com.tr\/blog\/wp-json\/wp\/v2\/posts\/2869\/revisions"}],"predecessor-version":[{"id":7095,"href":"https:\/\/www.kaspersky.com.tr\/blog\/wp-json\/wp\/v2\/posts\/2869\/revisions\/7095"}],"wp:featuredmedia":[{"embeddable":true,"href":"https:\/\/www.kaspersky.com.tr\/blog\/wp-json\/wp\/v2\/media\/2870"}],"wp:attachment":[{"href":"https:\/\/www.kaspersky.com.tr\/blog\/wp-json\/wp\/v2\/media?parent=2869"}],"wp:term":[{"taxonomy":"category","embeddable":true,"href":"https:\/\/www.kaspersky.com.tr\/blog\/wp-json\/wp\/v2\/categories?post=2869"},{"taxonomy":"post_tag","embeddable":true,"href":"https:\/\/www.kaspersky.com.tr\/blog\/wp-json\/wp\/v2\/tags?post=2869"}],"curies":[{"name":"wp","href":"https:\/\/api.w.org\/{rel}","templated":true}]}}