{"id":4388,"date":"2017-11-10T16:12:10","date_gmt":"2017-11-10T13:12:10","guid":{"rendered":"https:\/\/www.kaspersky.com.tr\/blog\/?p=4388"},"modified":"2019-11-15T14:46:50","modified_gmt":"2019-11-15T11:46:50","slug":"photos-for-privacy","status":"publish","type":"post","link":"https:\/\/www.kaspersky.com.tr\/blog\/photos-for-privacy\/4388\/","title":{"rendered":"Facebook \u00e7\u0131plak foto\u011fraflar\u0131n\u0131z\u0131 istiyor"},"content":{"rendered":"<p>Hepimiz eski sevgililerin r\u0131zas\u0131 olmadan ki\u015fisel foto\u011fraflar\u0131n\u0131 internette payla\u015fan ki\u015filerle ilgili haberleri duymu\u015fuzdur. \u00dcnl\u00fcler bile bu sorunlar\u0131 <a href=\"https:\/\/www.bet.com\/style\/2017\/07\/05\/blac-chyna-rob-kardashian-revenge-porn.html\" target=\"_blank\" rel=\"noopener nofollow\">ya\u015f\u0131yor<\/a> ve s\u0131zd\u0131r\u0131lan foto\u011fraflar\u0131 sansasyonel gazeteleri uzun bir s\u00fcre me\u015fgul ediyor.<\/p>\n<p>\u00c7o\u011fu kullan\u0131c\u0131 i\u00e7in bu t\u00fcr \u00f6zel foto\u011fraflar\u0131n yay\u0131nlanmas\u0131 (intikam pornosu) d\u00fcnyan\u0131n sonu anlam\u0131na gelebilir. Hatta bu olaylar nedeniyle ya\u015fanan birka\u00e7 intihar vakas\u0131 konuyu ana ak\u0131m medyaya da ta\u015f\u0131d\u0131. Asl\u0131nda bu t\u00fcr s\u0131z\u0131nt\u0131lar\u0131n \u00f6zel hayat\u0131 ciddi anlamda ihlal etti\u011fini ve medeni bir toplumda bunlara yer olmad\u0131\u011f\u0131n\u0131 s\u00f6ylemeye bile gerek yok. Ancak s\u0131z\u0131nt\u0131lar yine de ger\u00e7ekle\u015fmeye devam ediyor.<\/p>\n<p>Bu nedenle Facebook, ki\u015filerin r\u0131zas\u0131 olmadan ki\u015fisel foto\u011fraflar\u0131n Facebook, Instagram veya Facebook Messenger \u00fczerinden yay\u0131nlanmas\u0131n\u0131 engellemek i\u00e7in soruna ilgin\u00e7 bir yakla\u015f\u0131m getirdi. Konuyla ilgili Avustralya h\u00fck\u00fcmetiyle i\u015f birli\u011fi i\u00e7inde \u00e7al\u0131\u015fan Facebook, kullan\u0131c\u0131lardan payla\u015f\u0131lmas\u0131ndan endi\u015fe duyduklar\u0131 foto\u011fraflar\u0131 \u015firkete g\u00f6ndermesini istiyor.<\/p>\n<h2>Nas\u0131l yani?!<\/h2>\n<p>Evet, do\u011fru anlad\u0131n\u0131z. Facebook \u00f6zel resimleri karma i\u015flevini (<a href=\"https:\/\/www.kaspersky.com\/blog\/the-wonders-of-hashing\/4441\/\" target=\"_blank\" rel=\"noopener nofollow\">hashing<\/a>) kullanarak <a href=\"https:\/\/securelist.com\/threats\/encryption-glossary\/\" target=\"_blank\" rel=\"noopener\">\u015fifrelemeyi<\/a> planl\u0131yor. Bu sayede birisi bu foto\u011fraflar\u0131 Facebook, Messenger veya Instagram arac\u0131l\u0131\u011f\u0131yla payla\u015f\u0131r veya bunlar \u00fczerinden g\u00f6nderirse, bu hizmet g\u00f6r\u00fcnt\u00fcn\u00fcn karma toplam\u0131n\u0131 Facebook veritaban\u0131 ile kar\u015f\u0131la\u015ft\u0131rarak foto\u011fraf\u0131 tespit edebilir ve g\u00f6nderilmesini engelleyebilir.<\/p>\n<p>Avustralya elektronik g\u00fcvenlik temsilcisi <a href=\"http:\/\/www.abc.net.au\/news\/2017-11-02\/facebook-offers-revenge-porn-solution\/9112420\" target=\"_blank\" rel=\"noopener nofollow\">ABC News<\/a>\u2018a plan\u0131n nas\u0131l i\u015fleyece\u011fini anlatt\u0131: Facebook kullan\u0131c\u0131lardan ki\u015fisel foto\u011fraflar\u0131n\u0131 Facebook Messenger arac\u0131l\u0131\u011f\u0131yla Facebook\u2019a g\u00f6ndermelerini isteyecek. G\u00f6nderilen resimler karma i\u015fleviyle \u015fifrelenecek. Daha sonra birisi ayn\u0131 karma de\u011ferine sahip bir foto\u011fraf\u0131 payla\u015fmaya \u00e7al\u0131\u015ft\u0131\u011f\u0131nda foto\u011fraf\u0131 hi\u00e7 kimse g\u00f6remeyecek. Facebook, Messenger\u2019da kullan\u0131lan u\u00e7tan uca \u015fifrelemenin (masa \u00fcst\u00fcnde de\u011fil yaln\u0131zca mobil uygulamada) arac\u0131lar\u0131 ortadan kald\u0131rarak foto\u011fraflar\u0131n g\u00fcvenli\u011fini sa\u011flayaca\u011f\u0131n\u0131 iddia ediyor. Ayr\u0131ca \u015firkete g\u00f6re foto\u011fraflar depolanmayaca\u011f\u0131 i\u00e7in h\u0131rs\u0131zl\u0131k ihtimali de ortadan kalk\u0131yor.<\/p>\n<h2>Bu yakla\u015f\u0131m ger\u00e7ekten i\u015fe yarar m\u0131?<\/h2>\n<p>Facebook \u015fimdiye kadar Birle\u015fik Krall\u0131k, Amerika Birle\u015fik Devletleri, Avustralya ve Kanada\u2019da pilot program ba\u015flataca\u011f\u0131n\u0131 duyurdu. Dolay\u0131s\u0131yla hen\u00fcz program\u0131n ne kadar etkili olaca\u011f\u0131n\u0131 bilmiyoruz. Bu yakla\u015f\u0131m, bir yandan \u00f6zel hayat\u0131n gizlili\u011fin ihlal edilmesi sorununu \u00e7\u00f6zme potansiyeli ta\u015f\u0131sa da di\u011fer yandan program\u0131n ki\u015filerin halka a\u00e7\u0131k foto\u011fraflar\u0131n\u0131 \u015fifrelemek amac\u0131yla kullan\u0131lmamas\u0131n\u0131n nas\u0131l sa\u011flanaca\u011f\u0131yla ilgili \u015f\u00fcpheler de var. \u00c7\u00fcnk\u00fc u\u00e7tan uca \u015fifreleme nedeniyle Facebook foto\u011fraflara bakamaz ve makine \u00f6\u011frenimi algoritmalar\u0131 da \u00e7\u0131plakl\u0131k i\u00e7eren bir foto\u011fraf\u0131 \u00e7\u0131plakl\u0131k i\u00e7ermeyen bir foto\u011fraftan ay\u0131ramaz.<\/p>\n<p>Ayr\u0131ca bir\u00e7ok insan Facebook veya ba\u015fka bir \u015firket gibi herhangi bir \u00fc\u00e7\u00fcnc\u00fc tarafla foto\u011fraflar\u0131n\u0131 payla\u015fmak konusunda endi\u015feleniyor ve hakk\u0131nda \u00e7ok fazla bilgi sahibi olmad\u0131klar\u0131 bu teknolojinin g\u00fcvenli\u011finden emin olam\u0131yor. \u00d6zellikle s\u00f6z konusu \u015firket daha \u00f6nce <a href=\"https:\/\/techcrunch.com\/2009\/03\/20\/facebook-bug-reveals-private-photos-wall-posts\/\" target=\"_blank\" rel=\"noopener nofollow\">bir\u00e7ok kullan\u0131c\u0131n\u0131n<\/a> <a href=\"https:\/\/thehackernews.com\/2015\/03\/facebook-photo-sync-hacking.html\" target=\"_blank\" rel=\"noopener nofollow\">\u00f6zel foto\u011fraflar\u0131n\u0131n s\u0131zd\u0131r\u0131ld\u0131\u011f\u0131<\/a> Facebook olunca endi\u015feler de art\u0131yor.<\/p>\n<p>Daha iyi bir yol var m\u0131? Bir\u00e7ok insan i\u00e7in var:<\/p>\n<ol>\n<li>\u00c7\u0131plak foto\u011fraflar veya sizin i\u00e7in olas\u0131 bir risk olu\u015fturabilecek foto\u011fraflar \u00e7ekip \u00e7ekmemeniz bizi ilgilendirmez. Ancak bu durum foto\u011fraflar\u0131n\u0131z\u0131n cazip bir hedef oldu\u011fu ger\u00e7e\u011fini de\u011fi\u015ftirmiyor. Dolay\u0131s\u0131yla foto\u011fraf \u00e7ekerken iki kere d\u00fc\u015f\u00fcnmeniz gerekebilir. Riskli foto\u011fraflar\u0131n\u0131z yoksa s\u0131zma ihtimali de ortadan kalkar.<\/li>\n<li>B\u00f6yle foto\u011fraflar \u00e7ekmek istedi\u011finizde bu foto\u011fraflar\u0131 \u00e7evrimd\u0131\u015f\u0131 olarak \u015fifreli bir depolama cihaz\u0131nda saklay\u0131n.<\/li>\n<li>K\u00f6t\u00fc niyetli (ya da \u00f6rne\u011fin ayr\u0131ld\u0131ktan sonra k\u00f6t\u00fc niyetli olabilecek) ki\u015filerin eline ge\u00e7ti\u011finde sizi utand\u0131rmak veya size zarar vermek i\u00e7in kullan\u0131labilecek bir foto\u011fraf payla\u015ft\u0131\u011f\u0131n\u0131zda s\u0131k\u0131nt\u0131l\u0131 sonu\u00e7larla kar\u015f\u0131la\u015fabilirsiniz. Kulland\u0131\u011f\u0131n\u0131z \u00e7evrimi\u00e7i hizmet ne kadar g\u00fcvenli olursa olsun internete y\u00fckledi\u011finiz her \u015fey halka a\u00e7\u0131k hale gelir. Ayr\u0131ca i\u015fin i\u00e7ine insan fakt\u00f6r\u00fc de girer ve tamamen g\u00fcvenli sistem diye bir \u015fey yoktur.<\/li>\n<\/ol>\n","protected":false},"excerpt":{"rendered":"<p>Hepimiz eski sevgililerin r\u0131zas\u0131 olmadan ki\u015fisel foto\u011fraflar\u0131n\u0131 internette payla\u015fan ki\u015filerle ilgili haberleri duymu\u015fuzdur. \u00dcnl\u00fcler bile bu sorunlar\u0131 ya\u015f\u0131yor ve s\u0131zd\u0131r\u0131lan foto\u011fraflar\u0131 sansasyonel gazeteleri uzun bir s\u00fcre me\u015fgul ediyor.<\/p>\n","protected":false},"author":2455,"featured_media":4390,"comment_status":"closed","ping_status":"open","sticky":false,"template":"","format":"standard","meta":{"_acf_changed":false,"footnotes":""},"categories":[994,1287],"tags":[1435,1359,20,500,1199,794,716],"class_list":{"0":"post-4388","1":"post","2":"type-post","3":"status-publish","4":"format-standard","5":"has-post-thumbnail","7":"category-privacy","8":"category-news","9":"tag-ag-guvenligi","10":"tag-ciplak-fotograf","11":"tag-facebook","12":"tag-gizlilik","13":"tag-porno","14":"tag-sifreleme","15":"tag-sosyal-medya"},"hreflang":[{"hreflang":"tr","url":"https:\/\/www.kaspersky.com.tr\/blog\/photos-for-privacy\/4388\/"},{"hreflang":"en-in","url":"https:\/\/www.kaspersky.co.in\/blog\/photos-for-privacy\/11783\/"},{"hreflang":"en-ae","url":"https:\/\/me-en.kaspersky.com\/blog\/photos-for-privacy\/9807\/"},{"hreflang":"en-us","url":"https:\/\/usa.kaspersky.com\/blog\/photos-for-privacy\/14007\/"},{"hreflang":"en-gb","url":"https:\/\/www.kaspersky.co.uk\/blog\/photos-for-privacy\/12198\/"},{"hreflang":"es-mx","url":"https:\/\/latam.kaspersky.com\/blog\/photos-for-privacy\/12011\/"},{"hreflang":"es","url":"https:\/\/www.kaspersky.es\/blog\/photos-for-privacy\/14768\/"},{"hreflang":"ru","url":"https:\/\/www.kaspersky.ru\/blog\/photos-for-privacy\/19172\/"},{"hreflang":"x-default","url":"https:\/\/www.kaspersky.com\/blog\/photos-for-privacy\/20063\/"},{"hreflang":"fr","url":"https:\/\/www.kaspersky.fr\/blog\/photos-for-privacy\/9754\/"},{"hreflang":"pt-br","url":"https:\/\/www.kaspersky.com.br\/blog\/photos-for-privacy\/9853\/"},{"hreflang":"pl","url":"https:\/\/plblog.kaspersky.com\/photos-for-privacy\/8507\/"},{"hreflang":"de","url":"https:\/\/www.kaspersky.de\/blog\/photos-for-privacy\/15222\/"},{"hreflang":"ja","url":"https:\/\/blog.kaspersky.co.jp\/photos-for-privacy\/18712\/"},{"hreflang":"en-au","url":"https:\/\/www.kaspersky.com.au\/blog\/photos-for-privacy\/19043\/"},{"hreflang":"en-za","url":"https:\/\/www.kaspersky.co.za\/blog\/photos-for-privacy\/19032\/"}],"acf":[],"banners":"","maintag":{"url":"https:\/\/www.kaspersky.com.tr\/blog\/tag\/gizlilik\/","name":"Gizlilik"},"_links":{"self":[{"href":"https:\/\/www.kaspersky.com.tr\/blog\/wp-json\/wp\/v2\/posts\/4388","targetHints":{"allow":["GET"]}}],"collection":[{"href":"https:\/\/www.kaspersky.com.tr\/blog\/wp-json\/wp\/v2\/posts"}],"about":[{"href":"https:\/\/www.kaspersky.com.tr\/blog\/wp-json\/wp\/v2\/types\/post"}],"author":[{"embeddable":true,"href":"https:\/\/www.kaspersky.com.tr\/blog\/wp-json\/wp\/v2\/users\/2455"}],"replies":[{"embeddable":true,"href":"https:\/\/www.kaspersky.com.tr\/blog\/wp-json\/wp\/v2\/comments?post=4388"}],"version-history":[{"count":3,"href":"https:\/\/www.kaspersky.com.tr\/blog\/wp-json\/wp\/v2\/posts\/4388\/revisions"}],"predecessor-version":[{"id":7008,"href":"https:\/\/www.kaspersky.com.tr\/blog\/wp-json\/wp\/v2\/posts\/4388\/revisions\/7008"}],"wp:featuredmedia":[{"embeddable":true,"href":"https:\/\/www.kaspersky.com.tr\/blog\/wp-json\/wp\/v2\/media\/4390"}],"wp:attachment":[{"href":"https:\/\/www.kaspersky.com.tr\/blog\/wp-json\/wp\/v2\/media?parent=4388"}],"wp:term":[{"taxonomy":"category","embeddable":true,"href":"https:\/\/www.kaspersky.com.tr\/blog\/wp-json\/wp\/v2\/categories?post=4388"},{"taxonomy":"post_tag","embeddable":true,"href":"https:\/\/www.kaspersky.com.tr\/blog\/wp-json\/wp\/v2\/tags?post=4388"}],"curies":[{"name":"wp","href":"https:\/\/api.w.org\/{rel}","templated":true}]}}