{"id":5611,"date":"2019-01-24T16:15:11","date_gmt":"2019-01-24T13:15:11","guid":{"rendered":"https:\/\/www.kaspersky.com.tr\/blog\/?p=5611"},"modified":"2020-05-13T19:33:09","modified_gmt":"2020-05-13T16:33:09","slug":"how-to-delete-instagram","status":"publish","type":"post","link":"https:\/\/www.kaspersky.com.tr\/blog\/how-to-delete-instagram\/5611\/","title":{"rendered":"Instagram hesab\u0131n\u0131z\u0131 nas\u0131l silerseniz ve foto\u011fraflar\u0131n\u0131z\u0131 nas\u0131l yedeklersiniz?"},"content":{"rendered":"<p>Sosyal a\u011flardan kurtulmak art\u0131k moda. \u0130ronik bir \u015fekilde, bu moda bazen, #DeleteFacebook hareketinde oldu\u011fu gibi, yine sosyal a\u011flarda trend oluyor. Instagram da bir istisna de\u011fil. \u0130nsanlar\u0131n hesaplar\u0131n\u0131 silmek i\u00e7in \u00e7ok farkl\u0131 nedenleri olabilir, ancak ikinci en b\u00fcy\u00fck sosyal a\u011fdan ayr\u0131lma fikri bug\u00fcnlerde olduk\u00e7a pop\u00fcler.<\/p>\n<p>\u0130roniden bahsetmi\u015fken muhtemelen bu yaz\u0131y\u0131 da sosyal medyada bulmu\u015fsunuzdur.<\/p>\n<p>Ben de Instagram\u2019\u0131 olduk\u00e7a pop\u00fcler olan bir nedenle b\u0131rakt\u0131m: Di\u011fer insanlar\u0131n leziz yemeklerini ve g\u00fczel tatil resimlerini g\u00f6rmek, ba\u015fkalar\u0131na k\u0131yasla hayat\u0131m\u0131n i\u00e7 karart\u0131c\u0131 bir \u015fekilde kasvetli g\u00f6r\u00fcnmesine neden oluyordu. Instagramda ge\u00e7irilen 5 dakikadan sonra, hayat\u0131m\u0131n s\u0131k\u0131c\u0131 oldu\u011funu hissediyordum (ki de\u011fil), <a href=\"https:\/\/www.kaspersky.com.tr\/blog\/online-privacy-for-mental-health\/5350\/\" target=\"_blank\" rel=\"noopener\">bu y\u00fczden sosyal medya platformundan ayr\u0131lmaya karar verdim<\/a>.<\/p>\n<p>Bu yaz\u0131da, Instagram profilinizi nas\u0131l yedekleyece\u011finizi ve daha sonra ge\u00e7ici olarak nas\u0131l kapataca\u011f\u0131n\u0131z\u0131 ya da sosyal a\u011f\u0131 tamamen geride b\u0131rakarak profilinizi kal\u0131c\u0131 olarak silmeyi a\u00e7\u0131klayaca\u011f\u0131m.<\/p>\n<h2>Instagram profilinizi nas\u0131l yedeklersiniz?<\/h2>\n<p>Bir yandan Instagram, yedekleme konusunda olduk\u00e7a c\u00f6merttir. Yaln\u0131zca foto\u011fraflar\u0131n\u0131z\u0131 de\u011fil, ayn\u0131 zamanda be\u011fenilerinizi, yorumlar\u0131n\u0131z\u0131, foto\u011fraf etiketlerinizi (hashtag\u2019ler dahil), aramalar\u0131n\u0131z\u0131, ayarlar\u0131n\u0131z\u0131 ve \u00e7ok daha fazlas\u0131n\u0131 yedeklemenizi sa\u011flar.<\/p>\n<p>\u00d6te yandan, foto\u011fraflar d\u0131\u015f\u0131nda her \u015fey JSON (<a href=\"https:\/\/en.wikipedia.org\/wiki\/JSON\" target=\"_blank\" rel=\"noopener nofollow\">JavaScript Nesnesi G\u00f6sterimi<\/a>) format\u0131nda depolanacakt\u0131r. Notepad, WordPad veya TextEdit gibi baz\u0131 basit metin d\u00fczenleme yaz\u0131l\u0131mlar\u0131n\u0131 kullanarak bunlar\u0131 okuyabilirsiniz (daha ziyade g\u00f6z atabilirsiniz) ancak bu y\u00f6ntem \u00e7ok kullan\u0131\u015fl\u0131 de\u011fildir.<\/p>\n<p>Her neyse, Instagram yede\u011fini alman\u0131z\u0131n ana sebebi muhtemelen foto\u011fraflar\u0131n\u0131zd\u0131r. \u0130yi haber: Foto\u011fraflar\u0131 JPEG format\u0131nda, tarihe g\u00f6re s\u0131ral\u0131 klas\u00f6rler \u015feklinde alabilirsiniz. K\u00f6t\u00fc haber: \u00c7\u00f6z\u00fcn\u00fcrl\u00fckleri d\u00fc\u015f\u00fck olacak: 1080 \u00d7 1080. Instagram resimleri bu \u015fekilde depolar, bu nedenle farkl\u0131 bir \u015fey beklememeli, buna haz\u0131rl\u0131kl\u0131 olmal\u0131s\u0131n\u0131z.<\/p>\n<h3>Instagram\u0131n\u0131z\u0131 Android veya iOS uygulamas\u0131n\u0131 kullanarak nas\u0131l yedeklenirsiniz?<\/h3>\n<p>Instagram profilinizin bir yede\u011fini, ak\u0131ll\u0131 telefona veya tablete indirmek i\u00e7in a\u015fa\u011f\u0131dakileri yapman\u0131z gerekir:<\/p>\n<ul>\n<li>Instagram uygulamas\u0131n\u0131 a\u00e7\u0131n.<\/li>\n<li>Sa\u011f alt k\u00f6\u015fedeki profil simgesine bas\u0131n.<\/li>\n<li>Sa\u011f \u00fcst k\u00f6\u015fedeki men\u00fc simgesine ve ard\u0131ndan men\u00fcn\u00fcn sa\u011f alt k\u00f6\u015fesinde bulunan Ayarlar se\u00e7ene\u011fine bas\u0131n.<\/li>\n<li>Gizlilik ve G\u00fcvenlik b\u00f6l\u00fcm\u00fcne gelene kadar a\u015fa\u011f\u0131 kayd\u0131r\u0131n ve Veri \u0130ndirme \u00f6\u011fesini se\u00e7in.<\/li>\n<li>Yede\u011fin g\u00f6nderilece\u011fi e-posta adresi olarak varsay\u0131lan e-posta adresini kabul edin veya bu adresi de\u011fi\u015ftirin.<\/li>\n<li>E-posta adresini onaylay\u0131n ve Instagram \u015fifrenizi girin.<\/li>\n<li>Yedeklenen verilerinizi haz\u0131rlanan ar\u015fivden indirmek i\u00e7in Instagram\u2019dan en fazla 48 saat sonra (genellikle bu i\u015flem birka\u00e7 dakika s\u00fcrer) gelecek olan e-postay\u0131 bekleyin.<\/li>\n<li>E-postadaki ba\u011flant\u0131ya t\u0131klay\u0131n, kullan\u0131c\u0131 ad\u0131n\u0131zla ve \u015fifrenizle Instagram web sitesine giri\u015f yap\u0131n ve Veri indir se\u00e7ene\u011fine t\u0131klay\u0131n. Foto\u011fraflar\u0131n\u0131z\u0131 ve di\u011fer profil bilgilerinizi i\u00e7eren ZIP ar\u015fivini indirmeye ba\u015flay\u0131n.<\/li>\n<\/ul>\n<h3>Web aray\u00fcz\u00fcn\u00fc kullanarak Instagram profilinizi nas\u0131l yedeklersiniz?<\/h3>\n<p>Bir web taray\u0131c\u0131s\u0131yla Instagram profilinizi yedeklemeniz, \u00f6zellikle bir masa\u00fcst\u00fc veya diz\u00fcst\u00fc bilgisayar kullan\u0131yorsan\u0131z, biraz daha kolayd\u0131r. \u015eu ad\u0131mlar\u0131 izleyin:<\/p>\n<ul>\n<li>instagram.com\u2019a gidin ve giri\u015f yap\u0131n.<\/li>\n<li>Ekran\u0131n sa\u011f \u00fcst k\u00f6\u015fesindeki profil resminize t\u0131klay\u0131n.<\/li>\n<li>Ad\u0131n\u0131z\u0131n yan\u0131ndaki Profili D\u00fczenle\u2019ye bas\u0131n.<\/li>\n<li>Soldaki men\u00fcde Gizlilik ve G\u00fcvenlik\u2019i se\u00e7in.<\/li>\n<li>A\u015fa\u011f\u0131 kayd\u0131r\u0131n ve Veri \u0130ndirme alt ba\u015fl\u0131\u011f\u0131ndaki \u0130ndirme Talep Et\u2019e t\u0131klay\u0131n. Instagram, profil foto\u011fraflar\u0131n\u0131z\u0131 ve di\u011fer bilgilerinizi i\u00e7eren ar\u015fiv ba\u011flant\u0131s\u0131n\u0131 size e-posta ile g\u00f6nderecektir.<\/li>\n<li>Gerisi yukar\u0131dakiyle ayn\u0131: E-postay\u0131 a\u00e7\u0131n ve ba\u011flant\u0131ya t\u0131klay\u0131n.<\/li>\n<li>Instagram web sitesine giri\u015f yap\u0131n.<\/li>\n<li>\u0130\u00e7inde foto\u011fraflar\u0131n\u0131z\u0131 ve di\u011fer bilgilerinizi bulunduran ZIP ar\u015fivini indirmeye ba\u015flamak i\u00e7in Veri \u0130ndir\u2019 e bas\u0131n.<\/li>\n<\/ul>\n<p>Art\u0131k foto\u011fraflar\u0131n\u0131z\u0131 yedekledi\u011finize g\u00f6re Instagram profilinizi silebilirsiniz.<\/p>\n<blockquote class=\"wp-embedded-content\" data-secret=\"6iNUerZJ5F\"><p><a href=\"https:\/\/www.kaspersky.com.tr\/blog\/keep-instagram-secure\/7435\/\" target=\"_blank\" rel=\"noopener\">Instagram\u2019\u0131n g\u00fcncellenmi\u015f g\u00fcvenlik ve gizlilik ayarlar\u0131<\/a><\/p><\/blockquote>\n<p><iframe loading=\"lazy\" class=\"wp-embedded-content\" sandbox=\"allow-scripts\" security=\"restricted\" style=\"position: absolute; clip: rect(1px, 1px, 1px, 1px);\" title=\"\u201cInstagram\u2019\u0131n g\u00fcncellenmi\u015f g\u00fcvenlik ve gizlilik ayarlar\u0131\u201d \u2014 Daily - Turkish - Turkey - www.kaspersky.com.tr\/blog\" src=\"https:\/\/www.kaspersky.com.tr\/blog\/keep-instagram-secure\/7435\/embed\/#?secret=pitk3jevLl#?secret=6iNUerZJ5F\" data-secret=\"6iNUerZJ5F\" width=\"500\" height=\"282\" frameborder=\"0\" marginwidth=\"0\" marginheight=\"0\" scrolling=\"no\"><\/iframe><\/p>\n<h2>Instagram profilinizi nas\u0131l silebilirsiniz?<\/h2>\n<p>Instagram\u2019\u0131n ayarlar\u0131n\u0131 Web aray\u00fcz\u00fcn\u00fc kullanarak incelerseniz bulaca\u011f\u0131n\u0131z tek se\u00e7enek hesab\u0131n\u0131z\u0131 ge\u00e7ici olarak kapatma olacakt\u0131r. Ancak gizli ba\u011flant\u0131y\u0131 biliyorsan\u0131z, hesab\u0131n\u0131z\u0131 kal\u0131c\u0131 olarak silebilirsiniz. Burada iki se\u00e7ene\u011fi de ele alaca\u011f\u0131z. Instagram mobil uygulamas\u0131n\u0131n, hesab\u0131n\u0131z\u0131 silmenize veya ge\u00e7ici olarak kapatman\u0131za izin vermedi\u011fini unutmay\u0131n. Bunun i\u00e7in taray\u0131c\u0131n\u0131z\u0131 ve Web aray\u00fcz\u00fcn\u00fc kullanman\u0131z gerekir.<\/p>\n<h3>Web aray\u00fcz\u00fc arac\u0131l\u0131\u011f\u0131yla Instagram hesab\u0131n\u0131 ge\u00e7ici olarak devre d\u0131\u015f\u0131 b\u0131rakma<\/h3>\n<ul>\n<li>Taray\u0131c\u0131n\u0131z\u0131 a\u00e7\u0131n ve instagram.com\u2019a gidin.<\/li>\n<li>Giri\u015f yap\u0131n.<\/li>\n<li>Ekran\u0131n sa\u011f \u00fcst k\u00f6\u015fesindeki profil resminize t\u0131klay\u0131n.<\/li>\n<li>Ad\u0131n\u0131z\u0131n yan\u0131ndaki Profili D\u00fczenle\u2019ye bas\u0131n.<\/li>\n<li>Hesab\u0131m\u0131 ge\u00e7ici olarak kapat ba\u011flant\u0131s\u0131n\u0131 bulmak i\u00e7in a\u015fa\u011f\u0131 kayd\u0131r\u0131n, ba\u011flant\u0131ya t\u0131klay\u0131n.<\/li>\n<li>Hesab\u0131n\u0131z\u0131 kapatma nedeninizi se\u00e7in, \u015fifrenizi girin ve Hesab\u0131 Ge\u00e7ici Olarak Kapat d\u00fc\u011fmesine t\u0131klay\u0131n.<\/li>\n<li>Evet se\u00e7ene\u011fine t\u0131klay\u0131n. Hesab\u0131n\u0131z art\u0131k devre d\u0131\u015f\u0131 b\u0131rak\u0131ld\u0131, yani hesab\u0131n\u0131z\u0131 tekrar etkinle\u015ftirmedi\u011finiz s\u00fcrece profiliniz, yorumlar\u0131n\u0131z ve be\u011fenileriniz gizlenecektir.<\/li>\n<\/ul>\n<h3>Web aray\u00fcz\u00fcn\u00fc kullanarak Instagram hesab\u0131n\u0131z\u0131 kal\u0131c\u0131 olarak silme<\/h3>\n<ul>\n<li>Taray\u0131c\u0131n\u0131z\u0131 a\u00e7\u0131n ve <a href=\"https:\/\/www.instagram.com\/accounts\/remove\/request\/permanent\/\" target=\"_blank\" rel=\"noopener nofollow\">https:\/\/www.instagram.com\/accounts\/remove\/request\/permanent\/<\/a> ba\u011flant\u0131s\u0131na gidin.<\/li>\n<li>Giri\u015f yap\u0131n.<\/li>\n<li>Hesab\u0131 kapatma nedeninizi se\u00e7in, \u015fifrenizi girin ve \u00fczerinde Hesab\u0131m\u0131 kal\u0131c\u0131 olarak sil yazan b\u00fcy\u00fck k\u0131rm\u0131z\u0131 d\u00fc\u011fmeye t\u0131klay\u0131n.<\/li>\n<li>Tamam d\u00fc\u011fmesine t\u0131klay\u0131n.<\/li>\n<\/ul>\n<p>\u0130\u015fte bu kadar, hesab\u0131n\u0131z silindi. Bu durumda silinen hesab\u0131n\u0131z\u0131 geri y\u00fcklemenin bir yolunun olmad\u0131\u011f\u0131n\u0131 unutmay\u0131n. Dolay\u0131s\u0131yla herhangi bir \u015f\u00fcpheniz varsa daha g\u00fcvenli se\u00e7ene\u011fi se\u00e7in ve hesab\u0131 ge\u00e7ici olarak kapat\u0131n.<\/p>\n<h2>Instagram hesab\u0131n\u0131z\u0131 nas\u0131l yeniden etkinle\u015ftirirsiniz?<\/h2>\n<p>Kal\u0131c\u0131 olarak silmemeyi ve yaln\u0131zca hesab\u0131n\u0131z\u0131 ge\u00e7ici olarak kapatmay\u0131 se\u00e7tiyseniz mobil uygulamay\u0131 veya instagram.com adresindeki Web aray\u00fcz\u00fcn\u00fc kullanarak giri\u015f yap\u0131p hesab\u0131n\u0131z\u0131 tekrar etkinle\u015ftirebilirsiniz.<\/p>\n<p>Twitter\u2019dan farkl\u0131 olarak Instagram, ge\u00e7ici olarak kapat\u0131lan hesab\u0131n\u0131z\u0131 belirli bir s\u00fcre ge\u00e7tikten sonra silmez. Bu nedenle, hesab\u0131n\u0131z\u0131 bir s\u00fcreli\u011fine unutsan\u0131z dahi kaybolmayacakt\u0131r. Ancak yine Twitter\u2019dan farkl\u0131 olarak, Instagram, hesab\u0131n\u0131z\u0131 ge\u00e7ici olarak kapatt\u0131ktan hemen sonra yeniden etkinle\u015ftirmenize izin vermez. Instagram\u2019a g\u00f6re, bir hesab\u0131 kapatmak birka\u00e7 saat al\u0131r, bu y\u00fczden hesab\u0131n\u0131z\u0131 kapatt\u0131ktan sonra, yeniden etkinle\u015ftirmek i\u00e7in birka\u00e7 saat beklemeniz gerekir.<\/p>\n<input type=\"hidden\" class=\"category_for_banner\" value=\"kis-trial-privacy\">\n","protected":false},"excerpt":{"rendered":"<p>Sosyal a\u011flardan kurtulmak art\u0131k moda. \u0130ronik bir \u015fekilde, bu moda bazen, #DeleteFacebook hareketinde oldu\u011fu gibi, yine sosyal a\u011flarda trend oluyor. Instagram da bir istisna de\u011fil. \u0130nsanlar\u0131n hesaplar\u0131n\u0131 silmek i\u00e7in \u00e7ok farkl\u0131 nedenleri olabilir.<\/p>\n","protected":false},"author":675,"featured_media":5612,"comment_status":"closed","ping_status":"open","sticky":false,"template":"","format":"standard","meta":{"_acf_changed":false,"footnotes":""},"categories":[1284],"tags":[635,905,1826,716,1827,606],"class_list":{"0":"post-5611","1":"post","2":"type-post","3":"status-publish","4":"format-standard","5":"has-post-thumbnail","7":"category-tips","8":"tag-hesap","9":"tag-instagram","10":"tag-silmek","11":"tag-sosyal-medya","12":"tag-sosyal-network","13":"tag-yedekleme"},"hreflang":[{"hreflang":"tr","url":"https:\/\/www.kaspersky.com.tr\/blog\/how-to-delete-instagram\/5611\/"},{"hreflang":"en-in","url":"https:\/\/www.kaspersky.co.in\/blog\/how-to-delete-instagram\/14942\/"},{"hreflang":"en-ae","url":"https:\/\/me-en.kaspersky.com\/blog\/how-to-delete-instagram\/12523\/"},{"hreflang":"ar","url":"https:\/\/me.kaspersky.com\/blog\/how-to-delete-instagram\/6040\/"},{"hreflang":"en-us","url":"https:\/\/usa.kaspersky.com\/blog\/how-to-delete-instagram\/16864\/"},{"hreflang":"en-gb","url":"https:\/\/www.kaspersky.co.uk\/blog\/how-to-delete-instagram\/15072\/"},{"hreflang":"es-mx","url":"https:\/\/latam.kaspersky.com\/blog\/how-to-delete-instagram\/13869\/"},{"hreflang":"es","url":"https:\/\/www.kaspersky.es\/blog\/how-to-delete-instagram\/17552\/"},{"hreflang":"it","url":"https:\/\/www.kaspersky.it\/blog\/how-to-delete-instagram\/16704\/"},{"hreflang":"ru","url":"https:\/\/www.kaspersky.ru\/blog\/how-to-delete-instagram\/21871\/"},{"hreflang":"x-default","url":"https:\/\/www.kaspersky.com\/blog\/how-to-delete-instagram\/25025\/"},{"hreflang":"fr","url":"https:\/\/www.kaspersky.fr\/blog\/how-to-delete-instagram\/12108\/"},{"hreflang":"pt-br","url":"https:\/\/www.kaspersky.com.br\/blog\/how-to-delete-instagram\/11206\/"},{"hreflang":"pl","url":"https:\/\/plblog.kaspersky.com\/how-to-delete-instagram\/10182\/"},{"hreflang":"de","url":"https:\/\/www.kaspersky.de\/blog\/how-to-delete-instagram\/18267\/"},{"hreflang":"ja","url":"https:\/\/blog.kaspersky.co.jp\/how-to-delete-instagram\/22085\/"},{"hreflang":"nl","url":"https:\/\/www.kaspersky.nl\/blog\/how-to-delete-instagram\/23554\/"},{"hreflang":"ru-kz","url":"https:\/\/blog.kaspersky.kz\/how-to-delete-instagram\/17748\/"},{"hreflang":"en-au","url":"https:\/\/www.kaspersky.com.au\/blog\/how-to-delete-instagram\/21831\/"},{"hreflang":"en-za","url":"https:\/\/www.kaspersky.co.za\/blog\/how-to-delete-instagram\/21780\/"}],"acf":[],"banners":"","maintag":{"url":"https:\/\/www.kaspersky.com.tr\/blog\/tag\/instagram\/","name":"Instagram"},"_links":{"self":[{"href":"https:\/\/www.kaspersky.com.tr\/blog\/wp-json\/wp\/v2\/posts\/5611","targetHints":{"allow":["GET"]}}],"collection":[{"href":"https:\/\/www.kaspersky.com.tr\/blog\/wp-json\/wp\/v2\/posts"}],"about":[{"href":"https:\/\/www.kaspersky.com.tr\/blog\/wp-json\/wp\/v2\/types\/post"}],"author":[{"embeddable":true,"href":"https:\/\/www.kaspersky.com.tr\/blog\/wp-json\/wp\/v2\/users\/675"}],"replies":[{"embeddable":true,"href":"https:\/\/www.kaspersky.com.tr\/blog\/wp-json\/wp\/v2\/comments?post=5611"}],"version-history":[{"count":5,"href":"https:\/\/www.kaspersky.com.tr\/blog\/wp-json\/wp\/v2\/posts\/5611\/revisions"}],"predecessor-version":[{"id":8293,"href":"https:\/\/www.kaspersky.com.tr\/blog\/wp-json\/wp\/v2\/posts\/5611\/revisions\/8293"}],"wp:featuredmedia":[{"embeddable":true,"href":"https:\/\/www.kaspersky.com.tr\/blog\/wp-json\/wp\/v2\/media\/5612"}],"wp:attachment":[{"href":"https:\/\/www.kaspersky.com.tr\/blog\/wp-json\/wp\/v2\/media?parent=5611"}],"wp:term":[{"taxonomy":"category","embeddable":true,"href":"https:\/\/www.kaspersky.com.tr\/blog\/wp-json\/wp\/v2\/categories?post=5611"},{"taxonomy":"post_tag","embeddable":true,"href":"https:\/\/www.kaspersky.com.tr\/blog\/wp-json\/wp\/v2\/tags?post=5611"}],"curies":[{"name":"wp","href":"https:\/\/api.w.org\/{rel}","templated":true}]}}